{"id":353921,"date":"2024-06-06T20:26:37","date_gmt":"2024-06-06T18:26:37","guid":{"rendered":"https:\/\/www.radioluna.it\/news\/?p=353921"},"modified":"2024-06-06T19:29:45","modified_gmt":"2024-06-06T17:29:45","slug":"bando-asili-disertato-il-pd-latina-per-lamministrazione-celentano-investire-nei-nidi-non-e-una-priorita","status":"publish","type":"post","link":"https:\/\/www.radioluna.it\/news\/2024\/06\/bando-asili-disertato-il-pd-latina-per-lamministrazione-celentano-investire-nei-nidi-non-e-una-priorita\/","title":{"rendered":"Bando asili disertato, il Pd Latina: &#8220;Per l\u2019amministrazione Celentano investire nei nidi non \u00e8 una priorit\u00e0&#8221;"},"content":{"rendered":"<div id=\"fb-root\"><\/div>\n<p style=\"text-align: justify;\"><strong>LATINA &#8211; <\/strong>\u00abAver mancato l\u2019opportunit\u00e0 rappresentata dal bando sugli asili nido \u00e8 un errore imperdonabile, perch\u00e9 quel finanziamento di oltre 4 milioni di euro avrebbe potuto far fare un grande passo avanti a un servizio che lascia tantissime famiglie fuori dalle graduatorie\u00bb. Lo ribadisce il gruppo consiliare del Partito democratico dopo la conferenza stampa in cui il vicesindaco Massimiliano Carnevale e l\u2019assessora all\u2019Istruzione Francesca Tesone hanno spiegato i motivi della mancata partecipazione del Comune di Latina al bando del Ministero.<\/p>\n<p style=\"text-align: justify;\">In sede di conferenza gli assessori hanno sostenuto che \u201ccompito di una maggioranza non \u00e8 prendere tutto quello che c\u2019\u00e8 senza criterio, ma valutare se un obiettivo \u00e8 raggiungibile\u201d. \u00a0\u00abSono parole che lasciano sconcertati \u2013 affermano i consiglieri Campagna, Fiore e Majocchi &#8211; in quanto fanno intendere chiaramente che l\u2019opportunit\u00e0 di realizzare altri 180 posti nei nidi con fondi PNRR non rientrava tra le priorit\u00e0 dell\u2019amministrazione\u00bb.<\/p>\n<p style=\"text-align: justify;\">\u00abQueste dichiarazioni \u2013 continuano i consiglieri del Pd &#8211; sono una resa, l\u2019ammissione dell\u2019incapacit\u00e0 di raggiungere un obiettivo e di individuare le priorit\u00e0 giuste per la citt\u00e0. Le motivazioni fornite in conferenza stampa, ovvero \u201ctempi stretti e uffici gi\u00e0 oberati\u201d, sono insufficienti e disarmanti. Come hanno fatto gli altri Comuni a partecipare? I tempi per la presentazione della domanda erano corti per tutti e anche il problema della carenza di personale interno non riguarda solo il nostro Comune. L\u2019amministrazione Celentano \u00e8 al governo da un anno: alla luce delle opportunit\u00e0 legate al PNRR e attive in questo momento storico, non in futuro, avrebbe dovuto prevedere assunzioni a tempo determinato con risorse aggiuntive dedicate proprio a questo progetto. Ci\u00f2 che invece emerge e preoccupa \u00e8 un\u2019incapacit\u00e0 gestionale da parte di questa amministrazione che si ripercuoter\u00e0 negativamente sul futuro della citt\u00e0\u00bb.<\/p>\n<p style=\"text-align: justify;\">La consigliera Fiore, intanto, ha inviato una nota all\u2019assessora Tesone chiedendo di trasmetterle nuovamente la risposta all\u2019interrogazione, non avendo rinvenuto alcuna pec nella propria casella di posta. \u00abSuccessivamente \u2013 concludono i dem &#8211; chiederemo l\u2019approfondimento in commissione Trasparenza, gi\u00e0 preannunciato\u00bb.<\/p>\n<p style=\"text-align: justify;\">\n","protected":false},"excerpt":{"rendered":"<p>LATINA &#8211; \u00abAver mancato l\u2019opportunit\u00e0 rappresentata dal bando sugli asili nido \u00e8 un errore imperdonabile, perch\u00e9 quel finanziamento di oltre 4 milioni di euro avrebbe potuto far fare un grande passo avanti a un servizio che lascia tantissime famiglie fuori dalle graduatorie\u00bb. Lo ribadisce il gruppo consiliare del Partito democratico dopo la conferenza stampa in [&hellip;]<\/p>\n","protected":false},"author":60,"featured_media":350723,"comment_status":"open","ping_status":"open","sticky":false,"template":"","format":"standard","meta":{"footnotes":""},"categories":[8],"tags":[],"class_list":["post-353921","post","type-post","status-publish","format-standard","has-post-thumbnail","hentry","category-politica"],"_links":{"self":[{"href":"https:\/\/www.radioluna.it\/news\/wp-json\/wp\/v2\/posts\/353921","targetHints":{"allow":["GET"]}}],"collection":[{"href":"https:\/\/www.radioluna.it\/news\/wp-json\/wp\/v2\/posts"}],"about":[{"href":"https:\/\/www.radioluna.it\/news\/wp-json\/wp\/v2\/types\/post"}],"author":[{"embeddable":true,"href":"https:\/\/www.radioluna.it\/news\/wp-json\/wp\/v2\/users\/60"}],"replies":[{"embeddable":true,"href":"https:\/\/www.radioluna.it\/news\/wp-json\/wp\/v2\/comments?post=353921"}],"version-history":[{"count":1,"href":"https:\/\/www.radioluna.it\/news\/wp-json\/wp\/v2\/posts\/353921\/revisions"}],"predecessor-version":[{"id":353922,"href":"https:\/\/www.radioluna.it\/news\/wp-json\/wp\/v2\/posts\/353921\/revisions\/353922"}],"wp:featuredmedia":[{"embeddable":true,"href":"https:\/\/www.radioluna.it\/news\/wp-json\/wp\/v2\/media\/350723"}],"wp:attachment":[{"href":"https:\/\/www.radioluna.it\/news\/wp-json\/wp\/v2\/media?parent=353921"}],"wp:term":[{"taxonomy":"category","embeddable":true,"href":"https:\/\/www.radioluna.it\/news\/wp-json\/wp\/v2\/categories?post=353921"},{"taxonomy":"post_tag","embeddable":true,"href":"https:\/\/www.radioluna.it\/news\/wp-json\/wp\/v2\/tags?post=353921"}],"curies":[{"name":"wp","href":"https:\/\/api.w.org\/{rel}","templated":true}]}}