{"id":354135,"date":"2024-06-10T10:36:37","date_gmt":"2024-06-10T08:36:37","guid":{"rendered":"https:\/\/www.radioluna.it\/news\/?p=354135"},"modified":"2024-06-11T16:14:54","modified_gmt":"2024-06-11T14:14:54","slug":"elezioni-europee-primi-commenti-sui-risultati","status":"publish","type":"post","link":"https:\/\/www.radioluna.it\/news\/2024\/06\/elezioni-europee-primi-commenti-sui-risultati\/","title":{"rendered":"Elezioni Europee, primi commenti sui risultati"},"content":{"rendered":"<div id=\"fb-root\"><\/div>\n<p style=\"text-align: justify;\"><strong>LATINA &#8211; <\/strong>Quando non \u00e8 ancora terminato lo scrutinio, arriva il primo commento sul risultato Europeo. E&#8217; quello di <strong>Sergio\u00a0Ulgiati<\/strong> (a sinistra nella foto dal sito ufficiale del partito), candidato di Latina, non eletto, per Europa Verdi e Sinistra (817 preferenze in provincia, 540 a Latina, 2135 nel Collegio Italia Centrale) .<\/p>\n<p style=\"text-align: justify;\">&#8220;Le elezioni europee si sono concluse con un risultato di grande rilievo per AVS-Alleanza Verdi e Sinistra, una percentuale intorno al 6.6%. Di questo risultato sono molto contento, pur se inserito in un contesto molto preoccupante, con il successo quasi ovunque in Europa di partiti conservatori e sovranisti, il cui impegno ambientale, sociale ed europeista \u00e8 molto dubbio, se non inesistente &#8211; scrive Ulgiati in una nota &#8211; . La percentuale di AVS \u00e8 un presupposto e un dovere per un maggiore impegno di questo partito in ambito ambientale e sociale, in collaborazione con altre forze politiche Italiane ed Europee che hanno mantenuto un\u00b4attenzione ambientale e sociale nei confronti del nostro paese, dell\u00b4Europa e del mondo. Sono contento che abbiamo contribuito tutti insieme a questo successo e vi ringrazio per il vostro aiuto &#8211;\u00a0 Quanto alla mia candidatura, non sembra che il numero di seggi a disposizione consenta anche la mia elezione, ma non ho dubbi che chi verr\u00e0 eletto (alcuni nomi gi\u00e0 sono confermati, altri sono ancora incerti) porter\u00e0 avanti gli obiettivi comuni. Per quanto mi riguarda far\u00f2 del mio meglio per continuare il precedente mio impegno per l\u00b4ambiente, la ricerca, la partecipazione e i problemi sociali, anzi cercher\u00f2 di intensificarlo insieme a voi. Vi ringrazio del vostro supporto e della futura collaborazione. Come avevo gi\u00e0 scritto, portiamo a tutti e tutte la speranza di lottare contro il cambiamento climatico, per le energie rinnovabili, per l\u00b4ambiente pulito, per autentiche opportunit\u00e0 di lavoro ai giovani, perch\u00e9 ci si sposti solo per amore e per turismo, non per fuggire alle guerre e ai disastri ambientali. Di cose da migliorare ce ne sono molte: scuola e universit\u00e0, sistema sanitario, mobilit\u00e0 e traffico, cura degli anziani e delle persone fragili. Costruiamo la pace, la democrazia, la felicit\u00e0. Facciamolo ora. Facciamolo insieme&#8221;, conclude.<\/p>\n","protected":false},"excerpt":{"rendered":"<p>LATINA &#8211; Quando non \u00e8 ancora terminato lo scrutinio, arriva il primo commento sul risultato Europeo. E&#8217; quello di Sergio\u00a0Ulgiati (a sinistra nella foto dal sito ufficiale del partito), candidato di Latina, non eletto, per Europa Verdi e Sinistra (817 preferenze in provincia, 540 a Latina, 2135 nel Collegio Italia Centrale) . &#8220;Le elezioni europee [&hellip;]<\/p>\n","protected":false},"author":62,"featured_media":354136,"comment_status":"open","ping_status":"open","sticky":false,"template":"","format":"standard","meta":{"footnotes":""},"categories":[8],"tags":[],"class_list":["post-354135","post","type-post","status-publish","format-standard","has-post-thumbnail","hentry","category-politica"],"_links":{"self":[{"href":"https:\/\/www.radioluna.it\/news\/wp-json\/wp\/v2\/posts\/354135","targetHints":{"allow":["GET"]}}],"collection":[{"href":"https:\/\/www.radioluna.it\/news\/wp-json\/wp\/v2\/posts"}],"about":[{"href":"https:\/\/www.radioluna.it\/news\/wp-json\/wp\/v2\/types\/post"}],"author":[{"embeddable":true,"href":"https:\/\/www.radioluna.it\/news\/wp-json\/wp\/v2\/users\/62"}],"replies":[{"embeddable":true,"href":"https:\/\/www.radioluna.it\/news\/wp-json\/wp\/v2\/comments?post=354135"}],"version-history":[{"count":5,"href":"https:\/\/www.radioluna.it\/news\/wp-json\/wp\/v2\/posts\/354135\/revisions"}],"predecessor-version":[{"id":354150,"href":"https:\/\/www.radioluna.it\/news\/wp-json\/wp\/v2\/posts\/354135\/revisions\/354150"}],"wp:featuredmedia":[{"embeddable":true,"href":"https:\/\/www.radioluna.it\/news\/wp-json\/wp\/v2\/media\/354136"}],"wp:attachment":[{"href":"https:\/\/www.radioluna.it\/news\/wp-json\/wp\/v2\/media?parent=354135"}],"wp:term":[{"taxonomy":"category","embeddable":true,"href":"https:\/\/www.radioluna.it\/news\/wp-json\/wp\/v2\/categories?post=354135"},{"taxonomy":"post_tag","embeddable":true,"href":"https:\/\/www.radioluna.it\/news\/wp-json\/wp\/v2\/tags?post=354135"}],"curies":[{"name":"wp","href":"https:\/\/api.w.org\/{rel}","templated":true}]}}