{"id":354148,"date":"2024-06-10T11:20:38","date_gmt":"2024-06-10T09:20:38","guid":{"rendered":"https:\/\/www.radioluna.it\/news\/?p=354148"},"modified":"2024-06-10T11:20:38","modified_gmt":"2024-06-10T09:20:38","slug":"europee-calandrini-fdi-in-provincia-di-latina-un-risultato-straordinario","status":"publish","type":"post","link":"https:\/\/www.radioluna.it\/news\/2024\/06\/europee-calandrini-fdi-in-provincia-di-latina-un-risultato-straordinario\/","title":{"rendered":"Europee, Calandrini (FdI): \u201cIn provincia di Latina un risultato straordinario\u201d"},"content":{"rendered":"<div id=\"fb-root\"><\/div>\n<p style=\"text-align: justify;\"><strong>LATINA<\/strong> &#8211; &#8220;Non solo a livello nazionale, anche in provincia di Latina Fratelli d\u2019Italia si conferma essere il partito pi\u00f9 votato. Nel nostro territorio, peraltro, il dato percentuale \u00e8 doppiamente soddisfacente perch\u00e9 fa registrare una crescita significativa rispetto al 33.9% ottenuto in provincia alle scorse politiche. Ora a esprimere la preferenza per FdI \u00e8 stato il 34.82% dei votanti. Davvero straordinario, poi, il risultato del capoluogo, dove il partito ottiene il 37.72% uno dei dati migliori in Italia. Cresce il consenso e questo voto rappresenta anche una conferma per tutti i nostri amministratori e sindaci che governano, insieme con gli alleati di centrodestra, in molti Comuni della Provincia\u201d. Cos\u00ec in una nota il<strong> senatore Nicola Calandrini, coordinatore provinciale di FdI Latina.<\/strong><\/p>\n<p style=\"text-align: justify;\">\u201cMentre in Europa molti Governi, penso a quello francese e a quello belga, cadono per effetto delle elezioni europee, sempre pi\u00f9 Italiani scelgono di confermare la fiducia in Giorgia Meloni e nella sua squadra di governo. E la tendenza \u00e8 la stessa anche nei territori. Gli abitanti della provincia di Latina hanno deciso di promuovere la concretezza nel rispondere ai bisogni dei cittadini dimostrata da Fratelli d\u2019Italia e del centrodestra. E\u2019 un ennesimo dato che avvalora le scelte fatte nel recente passato e sono certo che la tendenza sar\u00e0 la stessa quando avremo il risultato definitivo delle amministrative\u201d prosegue Calandrini.<\/p>\n<p style=\"text-align: justify;\">\u201cSono poi orgoglioso del successo ottenuto, in provincia, da Nicola Procaccini. La comunit\u00e0 di patrioti che mi onoro di coordinare ha davvero lavorato all\u2019unisono facendo quadrato attorno al nostro candidato che, avendo fatto registrare pi\u00f9 di 27mila preferenze, ha pi\u00f9 che raddoppiato il suo consenso personale. Faccio davvero i complimenti a tutta la comunit\u00e0 di Fratelli d\u2019Italia che non solo in campagna elettorale, ma tutto l\u2019anno, svolge un lavoro egregio su tutto il territorio. La crescita di Fratelli d\u2019Italia \u00e8 innegabile, a livello nazionale e locale e di questo non possiamo che essere estremamente soddisfatti. Da oggi quindi siamo ancora pi\u00f9 motivati a continuare a lavorare a testa bassa per rispondere ai bisogni dei nostri concittadini \u2013 conclude il Senatore &#8211;\u00a0 Ovviamente non possiamo non considerare il dato dell\u2019astensionismo. Anche in questa tornata elettorale troppi cittadini hanno disertato le urne. E\u2019 un dato che richiede un\u2019assunzione di responsabilit\u00e0 ancora maggiore e che ci spinger\u00e0, anche sul territorio provinciale, a implementare la nostra opera di informazione. La politica \u00e8 il motore della democrazia, ogni giorno sono tanti i risultati raggiunti, gli ostacoli superati e soprattutto le scelte prese che ricadono su tutti i cittadini, che dobbiamo cercare di informare sempre di pi\u00f9. Di certo, il risultato ottenuto da Fratelli d\u2019Italia anche in termini di partecipazione agli eventi, ci fa capire che anche sul fronte della passione e della penetrazione sui territori, abbiamo imboccato la strada giusta\u201d<\/p>\n","protected":false},"excerpt":{"rendered":"<p>LATINA &#8211; &#8220;Non solo a livello nazionale, anche in provincia di Latina Fratelli d\u2019Italia si conferma essere il partito pi\u00f9 votato. Nel nostro territorio, peraltro, il dato percentuale \u00e8 doppiamente soddisfacente perch\u00e9 fa registrare una crescita significativa rispetto al 33.9% ottenuto in provincia alle scorse politiche. Ora a esprimere la preferenza per FdI \u00e8 stato [&hellip;]<\/p>\n","protected":false},"author":62,"featured_media":247456,"comment_status":"open","ping_status":"open","sticky":false,"template":"","format":"standard","meta":{"footnotes":""},"categories":[8],"tags":[],"class_list":["post-354148","post","type-post","status-publish","format-standard","has-post-thumbnail","hentry","category-politica"],"_links":{"self":[{"href":"https:\/\/www.radioluna.it\/news\/wp-json\/wp\/v2\/posts\/354148","targetHints":{"allow":["GET"]}}],"collection":[{"href":"https:\/\/www.radioluna.it\/news\/wp-json\/wp\/v2\/posts"}],"about":[{"href":"https:\/\/www.radioluna.it\/news\/wp-json\/wp\/v2\/types\/post"}],"author":[{"embeddable":true,"href":"https:\/\/www.radioluna.it\/news\/wp-json\/wp\/v2\/users\/62"}],"replies":[{"embeddable":true,"href":"https:\/\/www.radioluna.it\/news\/wp-json\/wp\/v2\/comments?post=354148"}],"version-history":[{"count":1,"href":"https:\/\/www.radioluna.it\/news\/wp-json\/wp\/v2\/posts\/354148\/revisions"}],"predecessor-version":[{"id":354149,"href":"https:\/\/www.radioluna.it\/news\/wp-json\/wp\/v2\/posts\/354148\/revisions\/354149"}],"wp:featuredmedia":[{"embeddable":true,"href":"https:\/\/www.radioluna.it\/news\/wp-json\/wp\/v2\/media\/247456"}],"wp:attachment":[{"href":"https:\/\/www.radioluna.it\/news\/wp-json\/wp\/v2\/media?parent=354148"}],"wp:term":[{"taxonomy":"category","embeddable":true,"href":"https:\/\/www.radioluna.it\/news\/wp-json\/wp\/v2\/categories?post=354148"},{"taxonomy":"post_tag","embeddable":true,"href":"https:\/\/www.radioluna.it\/news\/wp-json\/wp\/v2\/tags?post=354148"}],"curies":[{"name":"wp","href":"https:\/\/api.w.org\/{rel}","templated":true}]}}