{"id":354162,"date":"2024-06-10T13:39:12","date_gmt":"2024-06-10T11:39:12","guid":{"rendered":"https:\/\/www.radioluna.it\/news\/?p=354162"},"modified":"2024-06-11T08:32:53","modified_gmt":"2024-06-11T06:32:53","slug":"salvatore-de-meo-rieletto-ho-raddoppiato-ringrazio-tutti-ora-dobbiamo-allargare-la-maggioranza","status":"publish","type":"post","link":"https:\/\/www.radioluna.it\/news\/2024\/06\/salvatore-de-meo-rieletto-ho-raddoppiato-ringrazio-tutti-ora-dobbiamo-allargare-la-maggioranza\/","title":{"rendered":"Salvatore De Meo rieletto: &#8220;Ho raddoppiato, ringrazio tutti. Ora dobbiamo allargare la maggioranza&#8221;"},"content":{"rendered":"<div id=\"fb-root\"><\/div>\n<p style=\"text-align: justify;\"><strong>LATINA<\/strong> &#8211; E&#8217; gi\u00e0 in partenza per Bruxelles l&#8217;europarlamentare di Fondi Salvatore De Meo. Rieletto con il doppio delle preferenze rispetto alle scorse elezioni Europee, da domani lavorer\u00e0 insieme a Ursula von der Leyen per blindare il gruppo di cui fa parte, quello del Popolari Europei. Note insonne alle spalle, ma la carica di chi ha vinto, De Meo commenta con entusiasmo il risultato elettorale che lo vede primo degli eletti del collegio Italia Centrale dopo il leader e Ministro degli esteri italiano Tajani che rinuncer\u00e0: 40.419 (dato non definitivo) di cui 23.448 raccolte in provincia di Latina. E riparte dai temi pi\u00f9 cari\u00a0 e per i quali si \u00e8 speso in campagna elettorale e nei cinque anni di esperienza nel parlamento Europeo.<\/p>\n<p>Lo abbiamo raggiunto al telefono per leggere con lui il risultato di questa tornata e conoscere i primi passi del secondo quinquennio che lo attende.<\/p>\n<p>&#8220;Dovremo subito procedere ai primi contatti con gli altri capigruppo per definire strategie e programmi &#8211; spiega, poi da mercoled\u00ec si ricomincia a lavorare in continuit\u00e0 per garantire un&#8217;alleanza che permetta a pi\u00f9 gruppi politici di poter condividere quello che sar\u00e0 il futuro dell&#8217;Italia e dell&#8217;Europa&#8221;.<\/p>\n<audio class=\"wp-audio-shortcode\" id=\"audio-354162-1\" preload=\"none\" style=\"width: 100%;\" controls=\"controls\"><source type=\"audio\/mpeg\" src=\"https:\/\/www.radioluna.it\/news\/wp-content\/uploads\/2024\/06\/de-meo-eletto.mp3?_=1\" \/><a href=\"https:\/\/www.radioluna.it\/news\/wp-content\/uploads\/2024\/06\/de-meo-eletto.mp3\">https:\/\/www.radioluna.it\/news\/wp-content\/uploads\/2024\/06\/de-meo-eletto.mp3<\/a><\/audio>\n<p>&nbsp;<\/p>\n","protected":false},"excerpt":{"rendered":"<p>LATINA &#8211; E&#8217; gi\u00e0 in partenza per Bruxelles l&#8217;europarlamentare di Fondi Salvatore De Meo. Rieletto con il doppio delle preferenze rispetto alle scorse elezioni Europee, da domani lavorer\u00e0 insieme a Ursula von der Leyen per blindare il gruppo di cui fa parte, quello del Popolari Europei. Note insonne alle spalle, ma la carica di chi [&hellip;]<\/p>\n","protected":false},"author":62,"featured_media":354163,"comment_status":"open","ping_status":"open","sticky":false,"template":"","format":"standard","meta":{"footnotes":""},"categories":[2310,8],"tags":[],"class_list":["post-354162","post","type-post","status-publish","format-standard","has-post-thumbnail","hentry","category-audio","category-politica"],"_links":{"self":[{"href":"https:\/\/www.radioluna.it\/news\/wp-json\/wp\/v2\/posts\/354162","targetHints":{"allow":["GET"]}}],"collection":[{"href":"https:\/\/www.radioluna.it\/news\/wp-json\/wp\/v2\/posts"}],"about":[{"href":"https:\/\/www.radioluna.it\/news\/wp-json\/wp\/v2\/types\/post"}],"author":[{"embeddable":true,"href":"https:\/\/www.radioluna.it\/news\/wp-json\/wp\/v2\/users\/62"}],"replies":[{"embeddable":true,"href":"https:\/\/www.radioluna.it\/news\/wp-json\/wp\/v2\/comments?post=354162"}],"version-history":[{"count":1,"href":"https:\/\/www.radioluna.it\/news\/wp-json\/wp\/v2\/posts\/354162\/revisions"}],"predecessor-version":[{"id":354165,"href":"https:\/\/www.radioluna.it\/news\/wp-json\/wp\/v2\/posts\/354162\/revisions\/354165"}],"wp:featuredmedia":[{"embeddable":true,"href":"https:\/\/www.radioluna.it\/news\/wp-json\/wp\/v2\/media\/354163"}],"wp:attachment":[{"href":"https:\/\/www.radioluna.it\/news\/wp-json\/wp\/v2\/media?parent=354162"}],"wp:term":[{"taxonomy":"category","embeddable":true,"href":"https:\/\/www.radioluna.it\/news\/wp-json\/wp\/v2\/categories?post=354162"},{"taxonomy":"post_tag","embeddable":true,"href":"https:\/\/www.radioluna.it\/news\/wp-json\/wp\/v2\/tags?post=354162"}],"curies":[{"name":"wp","href":"https:\/\/api.w.org\/{rel}","templated":true}]}}