{"id":354176,"date":"2024-06-10T14:13:38","date_gmt":"2024-06-10T12:13:38","guid":{"rendered":"https:\/\/www.radioluna.it\/news\/?p=354176"},"modified":"2024-06-11T14:18:17","modified_gmt":"2024-06-11T12:18:17","slug":"procaccini-il-piu-votato-di-fratelli-ditalia-risultato-straordinario-per-il-partito-e-per-me","status":"publish","type":"post","link":"https:\/\/www.radioluna.it\/news\/2024\/06\/procaccini-il-piu-votato-di-fratelli-ditalia-risultato-straordinario-per-il-partito-e-per-me\/","title":{"rendered":"Procaccini il pi\u00f9 votato di Fratelli d&#8217;Italia: &#8220;Risultato straordinario per il partito e per me&#8221;"},"content":{"rendered":"<div id=\"fb-root\"><\/div>\n<p style=\"text-align: justify;\"><strong>LATINA &#8211;\u00a0 <\/strong>Ha gi\u00e0 fatto le prime valutazioni politiche con la leader Giorgia Meloni, sentita nella notte e poi questa mattina. E&#8217; lei l&#8217;unica tra i candidati ad averlo superato nelle preferenze visto che Nicola Procaccini \u00e8 stato il pi\u00f9 votato di Fratelli d&#8217;Italia in Italia. L&#8217;europarlamentare uscente, ex sindaco di Terracina, amico personale della leader, ha ottenuto 119 mila preferenze (dato non definitivo) con un risultato che solo in provincia di Latina gli ha consentito di totalizzare 27.033 preferenze personali di cui 6.753 raccolte a Latina citt\u00e0, 3.629 nella sua Terracina dove Fratelli d&#8217;Italia segna il 40,80%.<\/p>\n<p style=\"text-align: justify;\">&#8220;Questo risultato conferma che il Governo sta andando nella direzione che gli italiani auspicavano. E c&#8217;\u00e8 un dato personale che mi onora&#8221;. L&#8217;unico rammarico \u00e8 per i dati di Roma che tardano ad arrivare (nella notte il sistema informatico del Comune \u00e8 andato in tilt, ndr), ora che l&#8217;obiettivo per Procaccini\u00a0 \u00e8 segnare il\u00a0 record di preferenze e andare a riposare qualche ora: &#8220;Devo ringraziare tantissime persone, ringrazio per tutti il coordinatore provinciale Calandrini e tutti i consiglieri e assessori regionali, gli uomini, le donne, i tanti militanti e simpatizzanti di Fratelli D&#8217;Italia che hanno buttato il cuore oltre l&#8217;ostacolo in un momento in cui non c&#8217;\u00e8 tanta voglia di andare a votare, hanno dimostrato di avere passione da vendere&#8221;, aggiunge il presidente dei Conservatori europei gi\u00e0 pronto per la partenza: &#8220;Mi metto al lavoro, devo ingaggiare pi\u00f9 parlamentari europei possibile.\u00a0 Sar\u00e0 un lavoro di contatti personali e vediamo come andr\u00e0&#8221;.<\/p>\n<audio class=\"wp-audio-shortcode\" id=\"audio-354176-1\" preload=\"none\" style=\"width: 100%;\" controls=\"controls\"><source type=\"audio\/mpeg\" src=\"https:\/\/www.radioluna.it\/news\/wp-content\/uploads\/2024\/06\/procaccini-vittoria.mp3?_=1\" \/><a href=\"https:\/\/www.radioluna.it\/news\/wp-content\/uploads\/2024\/06\/procaccini-vittoria.mp3\">https:\/\/www.radioluna.it\/news\/wp-content\/uploads\/2024\/06\/procaccini-vittoria.mp3<\/a><\/audio>\n","protected":false},"excerpt":{"rendered":"<p>LATINA &#8211;\u00a0 Ha gi\u00e0 fatto le prime valutazioni politiche con la leader Giorgia Meloni, sentita nella notte e poi questa mattina. E&#8217; lei l&#8217;unica tra i candidati ad averlo superato nelle preferenze visto che Nicola Procaccini \u00e8 stato il pi\u00f9 votato di Fratelli d&#8217;Italia in Italia. L&#8217;europarlamentare uscente, ex sindaco di Terracina, amico personale della [&hellip;]<\/p>\n","protected":false},"author":62,"featured_media":354177,"comment_status":"open","ping_status":"open","sticky":false,"template":"","format":"standard","meta":{"footnotes":""},"categories":[2310,8],"tags":[],"class_list":["post-354176","post","type-post","status-publish","format-standard","has-post-thumbnail","hentry","category-audio","category-politica"],"_links":{"self":[{"href":"https:\/\/www.radioluna.it\/news\/wp-json\/wp\/v2\/posts\/354176","targetHints":{"allow":["GET"]}}],"collection":[{"href":"https:\/\/www.radioluna.it\/news\/wp-json\/wp\/v2\/posts"}],"about":[{"href":"https:\/\/www.radioluna.it\/news\/wp-json\/wp\/v2\/types\/post"}],"author":[{"embeddable":true,"href":"https:\/\/www.radioluna.it\/news\/wp-json\/wp\/v2\/users\/62"}],"replies":[{"embeddable":true,"href":"https:\/\/www.radioluna.it\/news\/wp-json\/wp\/v2\/comments?post=354176"}],"version-history":[{"count":4,"href":"https:\/\/www.radioluna.it\/news\/wp-json\/wp\/v2\/posts\/354176\/revisions"}],"predecessor-version":[{"id":354184,"href":"https:\/\/www.radioluna.it\/news\/wp-json\/wp\/v2\/posts\/354176\/revisions\/354184"}],"wp:featuredmedia":[{"embeddable":true,"href":"https:\/\/www.radioluna.it\/news\/wp-json\/wp\/v2\/media\/354177"}],"wp:attachment":[{"href":"https:\/\/www.radioluna.it\/news\/wp-json\/wp\/v2\/media?parent=354176"}],"wp:term":[{"taxonomy":"category","embeddable":true,"href":"https:\/\/www.radioluna.it\/news\/wp-json\/wp\/v2\/categories?post=354176"},{"taxonomy":"post_tag","embeddable":true,"href":"https:\/\/www.radioluna.it\/news\/wp-json\/wp\/v2\/tags?post=354176"}],"curies":[{"name":"wp","href":"https:\/\/api.w.org\/{rel}","templated":true}]}}