{"id":354298,"date":"2024-06-11T15:30:44","date_gmt":"2024-06-11T13:30:44","guid":{"rendered":"https:\/\/www.radioluna.it\/news\/?p=354298"},"modified":"2024-06-11T15:30:44","modified_gmt":"2024-06-11T13:30:44","slug":"zingaretti-eletto-eurodeputato-ringrazia-la-federazione-pd-latina-per-il-sostegno","status":"publish","type":"post","link":"https:\/\/www.radioluna.it\/news\/2024\/06\/zingaretti-eletto-eurodeputato-ringrazia-la-federazione-pd-latina-per-il-sostegno\/","title":{"rendered":"Zingaretti eletto eurodeputato ringrazia la Federazione Pd Latina per il sostegno"},"content":{"rendered":"<div id=\"fb-root\"><\/div>\n<p style=\"text-align: justify;\"><strong>LATINA<\/strong> -L&#8217;ex presidente del Lazio Nicola Zingaretti \u00e8 il pi\u00f9 votato della lista Pd con 124mila preferenze che lo hanno eletto eurodeputato per la seconda volta dopo il primo mandato dal 2004 al 2008. Grazie ai voti presi a Roma ha scavalcato il sindaco di Firenze Nardella e il sindaco di Pesaro Ricci. \u00abDesidero ringraziare la Federazione di Latina per il sostegno e per l\u2019importante contributo dato alla mia elezione in Europa &#8211; scrive in una nota\u00a0 &#8211;\u00a0 Anche da Bruxelles combatteremo questa destra.\u00a0 Una destra che anche a Latina fa promesse, prende i voti ma poi scappa lasciando questa terra nell&#8217;incertezza. \u00c8 il caso clamoroso dell\u2019immobilismo sui due nuovi ospedali di Latina e del Golfo, programmati dalla Regione Lazio e finanziati da INAIL. Preoccupano le lentezze sull\u2019iter amministrativo e la mancanza di chiarezza riguardo all\u2019aumento dei costi di realizzazione stimati attraverso le ricognizioni tecniche. A questo si aggiunge anche lo scettiscismo della destra nei confronti del piano PNRR sulla sanit\u00e0 territoriale accompagnato invece da una fervente attivit\u00e0 di accreditamento della sanit\u00e0 privata&#8221;.<\/p>\n<p style=\"text-align: justify;\">Zingaretti cita anche &#8220;vicende pi\u00f9 specifiche riguardanti comparti decisivi dell\u2019economia della provincia di Latina&#8221; e dice: &#8220;Agli annunci non seguono fatti: sulla Moria del Kiwi, ad esempio, di fronte ad un danno stimato di 215 milioni di euro nel Lazio, la montagna ha partorito un topolino: il governo ha stanziato sul fondo per le calamit\u00e0 solo 2 milioni di euro a livello nazionale. Noi abbiamo stanziato nel 2021, da risorse regionali, 4 milioni per le aziende del nostro territorio&#8221;.<\/p>\n<p style=\"text-align: justify;\">Un attacco su tutti i fronti e una difesa di quanto fatto dalla Regione Lazio sotto la sua guida: &#8220;La destra smonta colpevolmente quanto da noi fatto sul diritto allo studio, sul diritto alla mobilit\u00e0 dei nostri giovani; penso ad esempio alle centinaia di pendolari del golfo a cui da gennaio \u00e8 stata sospesa l\u2019agevolazione \u201cTutto Treno\u201d con una decisione assurda che ha comportato considerevoli aumenti di costo per lavoratori e studenti. Apprendiamo poi negli ultimi giorni che le nuove agevolazioni che la Regione sta mettendo in campo saranno a costi sensibilmente pi\u00f9 elevati. Difenderemo Latina da questa cultura che uccide le speranze. Anche da Bruxelles come in tutti questi anni da Presidente difender\u00f2 questa terra meravigliosa\u00bb, conclude.<\/p>\n","protected":false},"excerpt":{"rendered":"<p>LATINA -L&#8217;ex presidente del Lazio Nicola Zingaretti \u00e8 il pi\u00f9 votato della lista Pd con 124mila preferenze che lo hanno eletto eurodeputato per la seconda volta dopo il primo mandato dal 2004 al 2008. Grazie ai voti presi a Roma ha scavalcato il sindaco di Firenze Nardella e il sindaco di Pesaro Ricci. \u00abDesidero ringraziare [&hellip;]<\/p>\n","protected":false},"author":60,"featured_media":352909,"comment_status":"open","ping_status":"open","sticky":false,"template":"","format":"standard","meta":{"footnotes":""},"categories":[8],"tags":[],"class_list":["post-354298","post","type-post","status-publish","format-standard","has-post-thumbnail","hentry","category-politica"],"_links":{"self":[{"href":"https:\/\/www.radioluna.it\/news\/wp-json\/wp\/v2\/posts\/354298","targetHints":{"allow":["GET"]}}],"collection":[{"href":"https:\/\/www.radioluna.it\/news\/wp-json\/wp\/v2\/posts"}],"about":[{"href":"https:\/\/www.radioluna.it\/news\/wp-json\/wp\/v2\/types\/post"}],"author":[{"embeddable":true,"href":"https:\/\/www.radioluna.it\/news\/wp-json\/wp\/v2\/users\/60"}],"replies":[{"embeddable":true,"href":"https:\/\/www.radioluna.it\/news\/wp-json\/wp\/v2\/comments?post=354298"}],"version-history":[{"count":1,"href":"https:\/\/www.radioluna.it\/news\/wp-json\/wp\/v2\/posts\/354298\/revisions"}],"predecessor-version":[{"id":354301,"href":"https:\/\/www.radioluna.it\/news\/wp-json\/wp\/v2\/posts\/354298\/revisions\/354301"}],"wp:featuredmedia":[{"embeddable":true,"href":"https:\/\/www.radioluna.it\/news\/wp-json\/wp\/v2\/media\/352909"}],"wp:attachment":[{"href":"https:\/\/www.radioluna.it\/news\/wp-json\/wp\/v2\/media?parent=354298"}],"wp:term":[{"taxonomy":"category","embeddable":true,"href":"https:\/\/www.radioluna.it\/news\/wp-json\/wp\/v2\/categories?post=354298"},{"taxonomy":"post_tag","embeddable":true,"href":"https:\/\/www.radioluna.it\/news\/wp-json\/wp\/v2\/tags?post=354298"}],"curies":[{"name":"wp","href":"https:\/\/api.w.org\/{rel}","templated":true}]}}