{"id":354311,"date":"2024-06-11T17:26:58","date_gmt":"2024-06-11T15:26:58","guid":{"rendered":"https:\/\/www.radioluna.it\/news\/?p=354311"},"modified":"2024-06-12T12:32:12","modified_gmt":"2024-06-12T10:32:12","slug":"neuroscienziati-a-congresso-a-ponza-pierallini-irccs-san-raffaele-tecniche-avanzate-di-rm-per-studiare-la-sostanza-bianca-del-cervello","status":"publish","type":"post","link":"https:\/\/www.radioluna.it\/news\/2024\/06\/neuroscienziati-a-congresso-a-ponza-pierallini-irccs-san-raffaele-tecniche-avanzate-di-rm-per-studiare-la-sostanza-bianca-del-cervello\/","title":{"rendered":"Neuroscienziati a congresso a Ponza, Pierallini, IRCCS San Raffaele: &#8220;Tecniche avanzate di RM per studiare la sostanza bianca del cervello&#8221;"},"content":{"rendered":"<div id=\"fb-root\"><\/div>\n<p style=\"text-align: justify;\"><strong>PONZA &#8211;<\/strong> Alcuni tra i maggiori esperti di neuroscienze si ritroveranno a Ponza per partecipare al congresso \u00abIncontri clinico-radiologici di neuroscienze \u201cMichela Bonamini\u201d\u00bb, XIV edizione di una tre giorni di dibattiti e formazione scientifica che si svolger\u00e0 al Grand Hotel Santa Domitilla, dal 13 al 15 giugno 2024 organizzato dall&#8217;Ircss San Raffaele.<\/p>\n<p style=\"text-align: justify;\">Il focus \u00e8 incentrato sugli studi di diagnostica della sostanza bianca del cervello, &#8220;la rete di fibre nervose che permette lo scambio incessante e massiccio di informazioni&#8221; e che\u00a0 &#8220;insieme a quella grigia, costituisce il sistema nervoso centrale&#8221;. Dalla nascita\u00a0 &#8211; spiegano gli esperti dell&#8217;Istituto di Ricovero e Cura a Carattere Scientifico che \u00e8 anche policlinico universitario di rilievo internazionale e di alta specializzazione &#8211; essa \u00e8 soggetta a modificazioni ed \u00e8 fondamentale indagarne, anche tramite tecniche avanzate di diagnostica, il processo di maturazione la cosiddetta mielinizzazione e il sopraggiungere delle varie malattie a cui pu\u00f2 andare incontro durante la vita: dalla sclerosi multipla alle malattie infettive, tossico-metaboliche, ischemiche e degenerative, fino alla malattia di Alzheimer. Sono questi i temi su cui gli esperti si confronteranno.<\/p>\n<p style=\"text-align: justify;\">\u201cMolto utile nello studio della sostanza bianca sono in particolare le tecniche avanzate di RM e soprattutto la trattografia ottenuta con il tensore di diffusione: lo stiamo testando presso l\u2019IRCCS San Raffaele dove utilizziamo queste informazioni per costruire un percorso riabilitativo personalizzato, quasi sartoriale\u201d spiega il Dott. Alberto Pierallini, Direttore del Servizio Diagnostica per Immagini dell\u2019IRCCS San Raffaele e organizzatore dell\u2019evento. L\u2019incontro, che vanta anche quest\u2019anno il patrocinio del San Raffaele e dell\u2019AINR \u2013 l\u2019Associazione Italiana di Neuroradiologia Diagnostica e Interventistica, \u00e8 infatti una straordinaria occasione per presentare e condividere le novit\u00e0 sia dal punto di vista diagnostico che terapeutico per i maggiori esponenti delle neuroscienze italiane, radiologi, neuroradiologi, neurologi e neurochirurghi.<\/p>\n<p style=\"text-align: justify;\">\u201cNel cervello l\u2019acqua libera negli spazi extracellulari ha dei movimenti casuali e quasi impercettibili ma che vengono in un certo modo orientati dalle barriere esistenti: si tratta, appunto, dei fasci di fibre della sostanza bianca\u201d prosegue Pierallini. \u201cRicostruendo a colori e in maniera tridimensionale queste informazioni, attraverso l\u2019imaging, si ottengono delle mappe dettagliate dei fasci o dei tratti cerebrali, in particolare del tratto cortico-spinale. Questa riproduzione pu\u00f2 essere di grande aiuto per una corretta programmazione di un intervento neurochirurgico, perch\u00e9 mostra chiaramente l\u2019eventuale infiltrazione o dislocazione da parte di un tumore. Inoltre consente di effettuare correlazioni con il danno neurologico dopo un ictus o un intervento neurochirurgico e fornisce importanti informazioni predittive sul recupero neuroriabilitativo\u201d conclude l\u2019esperto.<\/p>\n<p><a href=\"http:\/\/&lt;!-- PDF Embedder: Please provide an &quot;URL&quot; attribute in your shortcode. --&gt;\">IL PROGRAMMA\u00a0<\/a><\/p>\n","protected":false},"excerpt":{"rendered":"<p>PONZA &#8211; Alcuni tra i maggiori esperti di neuroscienze si ritroveranno a Ponza per partecipare al congresso \u00abIncontri clinico-radiologici di neuroscienze \u201cMichela Bonamini\u201d\u00bb, XIV edizione di una tre giorni di dibattiti e formazione scientifica che si svolger\u00e0 al Grand Hotel Santa Domitilla, dal 13 al 15 giugno 2024 organizzato dall&#8217;Ircss San Raffaele. Il focus \u00e8 [&hellip;]<\/p>\n","protected":false},"author":62,"featured_media":354312,"comment_status":"open","ping_status":"open","sticky":false,"template":"","format":"standard","meta":{"footnotes":""},"categories":[2616],"tags":[],"class_list":["post-354311","post","type-post","status-publish","format-standard","has-post-thumbnail","hentry","category-sanita"],"_links":{"self":[{"href":"https:\/\/www.radioluna.it\/news\/wp-json\/wp\/v2\/posts\/354311","targetHints":{"allow":["GET"]}}],"collection":[{"href":"https:\/\/www.radioluna.it\/news\/wp-json\/wp\/v2\/posts"}],"about":[{"href":"https:\/\/www.radioluna.it\/news\/wp-json\/wp\/v2\/types\/post"}],"author":[{"embeddable":true,"href":"https:\/\/www.radioluna.it\/news\/wp-json\/wp\/v2\/users\/62"}],"replies":[{"embeddable":true,"href":"https:\/\/www.radioluna.it\/news\/wp-json\/wp\/v2\/comments?post=354311"}],"version-history":[{"count":1,"href":"https:\/\/www.radioluna.it\/news\/wp-json\/wp\/v2\/posts\/354311\/revisions"}],"predecessor-version":[{"id":354314,"href":"https:\/\/www.radioluna.it\/news\/wp-json\/wp\/v2\/posts\/354311\/revisions\/354314"}],"wp:featuredmedia":[{"embeddable":true,"href":"https:\/\/www.radioluna.it\/news\/wp-json\/wp\/v2\/media\/354312"}],"wp:attachment":[{"href":"https:\/\/www.radioluna.it\/news\/wp-json\/wp\/v2\/media?parent=354311"}],"wp:term":[{"taxonomy":"category","embeddable":true,"href":"https:\/\/www.radioluna.it\/news\/wp-json\/wp\/v2\/categories?post=354311"},{"taxonomy":"post_tag","embeddable":true,"href":"https:\/\/www.radioluna.it\/news\/wp-json\/wp\/v2\/tags?post=354311"}],"curies":[{"name":"wp","href":"https:\/\/api.w.org\/{rel}","templated":true}]}}