{"id":354411,"date":"2024-06-12T16:22:36","date_gmt":"2024-06-12T14:22:36","guid":{"rendered":"https:\/\/www.radioluna.it\/news\/?p=354411"},"modified":"2024-06-12T17:20:01","modified_gmt":"2024-06-12T15:20:01","slug":"ddl-centenario-calandrini-approvazione-allunanimita-in-commissione-cultura-al-senato-e-un-fatto-storico","status":"publish","type":"post","link":"https:\/\/www.radioluna.it\/news\/2024\/06\/ddl-centenario-calandrini-approvazione-allunanimita-in-commissione-cultura-al-senato-e-un-fatto-storico\/","title":{"rendered":"Ddl Centenario, Calandrini: \u201cApprovazione all\u2019unanimit\u00e0 in  Commissione Cultura al Senato \u00e8 un fatto storico\u201d"},"content":{"rendered":"<div id=\"fb-root\"><\/div>\n<p style=\"text-align: justify;\"><strong>LATINA &#8211;<\/strong> \u201cQuanto accaduto oggi in Commissione Cultura al Senato rappresenta un fatto storico e non solo per Latina. In meno di un anno il disegno di legge, a mia prima firma, sul centenario della citt\u00e0, \u00e8 stato approvato all\u2019unanimit\u00e0 dalla Commissione e si appresta ad essere discusso in Aula. Il voto di oggi segue di poche settimane quello della Commissione Bilancio da me presieduta, che ha approvato la copertura finanziaria necessaria per portare a compimento gli ambiziosi obiettivi presenti nel testo. Per la prima volta dalla nascita della Repubblica, con un disegno di legge di iniziativa Parlamentare, si dar\u00e0 vita a una fondazione che, attraverso ingenti finanziamenti pubblici ma anche privati, gestir\u00e0 una serie imponente di iniziative che accompagneranno la citt\u00e0 fino al 2032 e che faranno conoscere Latina in tutta Italia e non solo. \u00a0E\u2019 una notizia meravigliosa per tutti cittadini di Latina, anche per coloro che hanno criticato questo disegno di legge definendolo mero strumento da campagna elettorale. Latina, con la sua unicit\u00e0 storica e culturale, avr\u00e0 a disposizione strumenti e mezzi mai avuti prima per arrivare con una veste del tutto nuova ai suoi primi cento anni\u201d Cos\u00ec in una nota il Senatore Nicola Calandrini, presidente della 5a Commissione Bilancio e coordinatore provinciale di Fratelli d\u2019Italia Latina<\/p>\n<p style=\"text-align: justify;\">\u201cQuesto disegno di legge \u2013 prosegue Calandrini &#8211; \u00a0rende testimonianza alla capacit\u00e0 dei pionieri di guardare al futuro e di immaginare una citt\u00e0 dove regnavano solo palude e morte. Questa \u00e8 una storia che merita di essere narrata, perch\u00e9 maestra di vita. Si tratta di un disegno di legge dalla portata imponente ed \u00e8 per questo che a breve organizzeremo una conferenza stampa che servir\u00e0 a chiarire meglio i dettagli di tutta l\u2019operazione ma che rimander\u00e0 poi a un grande appuntamento, di confronto e dialogo, che organizzeremo in autunno al teatro D\u2019Annunzio\u201d.<\/p>\n<p><strong>CELENTANO\u00a0<\/strong> &#8211; \u201cE\u2019 una notizia straordinaria: la commissione cultura del Senato ha approvato oggi, all\u2019unanimit\u00e0, il disegno di legge per il centenario di Latina, presentato meno di un anno fa dai senatori Nicola Calandrini, Claudio Fazzone, Andrea Paganella e Roberto Menia. La nostra citt\u00e0 avr\u00e0 dunque a disposizione somme importanti per giungere, con il vestito migliore, all\u2019appuntamento del 2032 per le celebrazioni del Centenario di Fondazione.<\/p>\n<p>Latina, la prima delle citt\u00e0 nuove, \u00e8 l\u2019unico capoluogo di provincia italiano ad avere meno di 100 anni, ma una storia densa di eventi e molto significativa.<\/p>\n<p>Faremo del nostro meglio per utilizzare questo credito importante da parte del Parlamento e presentare la nostra citt\u00e0 nella sua dimensione migliore e autentica.<\/p>\n<p>Mi piace dedicare questo importante traguardo, che dobbiamo ascrivere alla lungimiranza dei senatori che hanno proposto e sottoscritto il Ddl, al nostro scrittore Antonio Pennacchi, cantore che ha esportato nel mondo l\u2019epopea di Latina, con il suo meraviglioso romanzo \u2018Canale Mussolini\u2019\u201d.<\/p>\n<p>E\u2019 quanto dichiara in una nota stampa il sindaco di Latina Matilde Celentano, in merito all\u2019approvazione oggi del Ddl approvato in Commissione Cultura al Senato avente ad oggetto il centenario di Latina<\/p>\n","protected":false},"excerpt":{"rendered":"<p>LATINA &#8211; \u201cQuanto accaduto oggi in Commissione Cultura al Senato rappresenta un fatto storico e non solo per Latina. In meno di un anno il disegno di legge, a mia prima firma, sul centenario della citt\u00e0, \u00e8 stato approvato all\u2019unanimit\u00e0 dalla Commissione e si appresta ad essere discusso in Aula. Il voto di oggi segue [&hellip;]<\/p>\n","protected":false},"author":60,"featured_media":255879,"comment_status":"open","ping_status":"open","sticky":false,"template":"","format":"standard","meta":{"footnotes":""},"categories":[8],"tags":[],"class_list":["post-354411","post","type-post","status-publish","format-standard","has-post-thumbnail","hentry","category-politica"],"_links":{"self":[{"href":"https:\/\/www.radioluna.it\/news\/wp-json\/wp\/v2\/posts\/354411","targetHints":{"allow":["GET"]}}],"collection":[{"href":"https:\/\/www.radioluna.it\/news\/wp-json\/wp\/v2\/posts"}],"about":[{"href":"https:\/\/www.radioluna.it\/news\/wp-json\/wp\/v2\/types\/post"}],"author":[{"embeddable":true,"href":"https:\/\/www.radioluna.it\/news\/wp-json\/wp\/v2\/users\/60"}],"replies":[{"embeddable":true,"href":"https:\/\/www.radioluna.it\/news\/wp-json\/wp\/v2\/comments?post=354411"}],"version-history":[{"count":0,"href":"https:\/\/www.radioluna.it\/news\/wp-json\/wp\/v2\/posts\/354411\/revisions"}],"wp:featuredmedia":[{"embeddable":true,"href":"https:\/\/www.radioluna.it\/news\/wp-json\/wp\/v2\/media\/255879"}],"wp:attachment":[{"href":"https:\/\/www.radioluna.it\/news\/wp-json\/wp\/v2\/media?parent=354411"}],"wp:term":[{"taxonomy":"category","embeddable":true,"href":"https:\/\/www.radioluna.it\/news\/wp-json\/wp\/v2\/categories?post=354411"},{"taxonomy":"post_tag","embeddable":true,"href":"https:\/\/www.radioluna.it\/news\/wp-json\/wp\/v2\/tags?post=354411"}],"curies":[{"name":"wp","href":"https:\/\/api.w.org\/{rel}","templated":true}]}}