{"id":354465,"date":"2024-06-13T17:33:57","date_gmt":"2024-06-13T15:33:57","guid":{"rendered":"https:\/\/www.radioluna.it\/news\/?p=354465"},"modified":"2024-06-13T17:33:57","modified_gmt":"2024-06-13T15:33:57","slug":"a-ventotene-la-xiii-edizione-del-festival-letterario-gita-al-faro","status":"publish","type":"post","link":"https:\/\/www.radioluna.it\/news\/2024\/06\/a-ventotene-la-xiii-edizione-del-festival-letterario-gita-al-faro\/","title":{"rendered":"A Ventotene la XIII edizione del Festival Letterario Gita al faro"},"content":{"rendered":"<div id=\"fb-root\"><\/div>\n<p style=\"text-align: justify;\"><strong>VENTOTENE<\/strong> &#8211; Si svolger\u00e0 dal 19 al 22 giugno la XIII edizione del Festival Letterario di Ventotene Gita al faro (il cui titolo trae ispirazione dall\u2019omonimo romanzo di Virginia Woolf), diretto da Loredana Lipperini, ideato e organizzato da Francesca Mancini, Laura Pesino e Vania Ribeca, promosso dall\u2019 Associazione per Santo Stefano in Ventotene Onlus, in collaborazione con la Libreria Ultima Spiaggia, con il patrocinio del Comune di Ventotene, con il patrocinio e la partecipazione della Lega Navale Italiana. Partner del festival Intesa Sanpaolo.<\/p>\n<p style=\"text-align: justify;\">Sei ospiti, Annalisa Camilli, Giulia Caminito, Gaja Cenciarelli, Veronica Galletta, Fabio Genovesi, Teresa Radice e Stefano Turconi che nelle serate di mercoled\u00ec, gioved\u00ec e venerd\u00ec incontreranno il pubblico in Piazza Castello presso la libreria Ultima Spiaggia. Il festival si concluder\u00e0 sabato 22 giugno, con la serata di letture degli inediti, scritti sull\u2019isola e per l\u2019isola, accompagnati dalle musiche originali del pianista Matteo Rossi.<\/p>\n<p>Un focus particolare \u00e8 dedicato al settecentesco carcere borbonico di Santo Stefano, per la cui salvaguardia l\u2019Associazione per Santo Stefano in Ventotene Onlus, ente promotore del festival, \u00e8 impegnata da anni. Due gli appuntamenti dedicati con le presentazioni dei volumi, Uccidi il tiranno di Pier Vittorio Buffa, Bruno Manfellotto, Anthony Santilli e Fuga da Santo Stefano di Vittorio Buongiorno, editi da Ultima Spiaggia.<\/p>\n<p style=\"text-align: justify;\">\u201cGita al faro non \u00e8 un festival come gli altri. Quando, anni fa, Lidia Ravera ebbe l&#8217;idea di chiamare a raccolta otto scrittori a Ventotene, si cap\u00ec subito che Gita al faro non avrebbe proposto semplicemente presentazioni di libri e conversazioni con i villeggianti. A Gita al Faro c&#8217;\u00e8 soprattutto l&#8217;idea del dono. Un dono che l&#8217;isola fa a chi scrive, restituendogli la solitudine e la bellezza di sette giorni in cui si \u00e8 chiamati soltanto a osservare, respirare, e restituire. Un dono che gli scrittori fanno all&#8217;isola, nel racconto finale che viene letto con il faro alle spalle. Un dono che viene dalla lunga storia di Ventotene da dove nasce molta parte della storia dell\u2019Italia e dell\u2019Europa: e che riceviamo e proviamo a rilanciare, perch\u00e9 noi di Gita al Faro continuiamo a pensare che la letteratura abbia un ruolo non secondario, non trascurabile, non marginale come troppo spesso si ripete, non solo nell\u2019osservazione e restituzione della realt\u00e0, ma nella costruzione di una realt\u00e0 migliore\u201d, dice la direttrice artistica Loredana Lipperini.<\/p>\n<p style=\"text-align: justify;\">La manifestazione \u00e8 patrocinata dalla Lega Navale Italiana presieduta dall&#8217;ammiraglio Donato Marzano, che ha voluto sottolineare come il &#8220;compito istituzionale dell&#8217;ente pubblico sia anche quello di promuovere l\u2019amore per il mare, la cultura e le tradizioni marittime attraverso eventi, conferenze e pubblicazioni&#8221;, anticipando che nelle giornate del Festival saranno organizzate &#8220;attivit\u00e0 di avvicinamento al mare con la Delegazione di Ventotene, che in estate avvia agli sport nautici centinaia di giovani provenienti da tutta Italia&#8221;, oltre che &#8220;con attivit\u00e0 a bordo delle nostre \u201cbarche della Legalit\u00e0\u201d, imbarcazioni confiscate alla criminalit\u00e0 organizzata e assegnate dall\u2019autorit\u00e0 giudiziaria alla Lega Navale Italiana che le impiega \u2013 nell\u2019ambito del programma nazionale della LNI \u201cMare di Legalit\u00e0\u201d \u2013 in iniziative culturali come questo Festival, ma anche in progetti sociali, sportivi e di protezione ambientale\u201d.<\/p>\n<p style=\"text-align: justify;\">PER MAGGIORI INFORMAZIONI E IL PROGRAMMA COMPLETO: <a href=\"http:\/\/www.gitaalfaro.it\">www.gitaalfaro.it<\/a><\/p>\n<p style=\"text-align: justify;\">\n","protected":false},"excerpt":{"rendered":"<p>VENTOTENE &#8211; Si svolger\u00e0 dal 19 al 22 giugno la XIII edizione del Festival Letterario di Ventotene Gita al faro (il cui titolo trae ispirazione dall\u2019omonimo romanzo di Virginia Woolf), diretto da Loredana Lipperini, ideato e organizzato da Francesca Mancini, Laura Pesino e Vania Ribeca, promosso dall\u2019 Associazione per Santo Stefano in Ventotene Onlus, in [&hellip;]<\/p>\n","protected":false},"author":62,"featured_media":354466,"comment_status":"open","ping_status":"open","sticky":false,"template":"","format":"standard","meta":{"footnotes":""},"categories":[16,2424,734],"tags":[],"class_list":["post-354465","post","type-post","status-publish","format-standard","has-post-thumbnail","hentry","category-appuntamenti","category-i-nostri-libri","category-evidenza"],"_links":{"self":[{"href":"https:\/\/www.radioluna.it\/news\/wp-json\/wp\/v2\/posts\/354465","targetHints":{"allow":["GET"]}}],"collection":[{"href":"https:\/\/www.radioluna.it\/news\/wp-json\/wp\/v2\/posts"}],"about":[{"href":"https:\/\/www.radioluna.it\/news\/wp-json\/wp\/v2\/types\/post"}],"author":[{"embeddable":true,"href":"https:\/\/www.radioluna.it\/news\/wp-json\/wp\/v2\/users\/62"}],"replies":[{"embeddable":true,"href":"https:\/\/www.radioluna.it\/news\/wp-json\/wp\/v2\/comments?post=354465"}],"version-history":[{"count":2,"href":"https:\/\/www.radioluna.it\/news\/wp-json\/wp\/v2\/posts\/354465\/revisions"}],"predecessor-version":[{"id":354470,"href":"https:\/\/www.radioluna.it\/news\/wp-json\/wp\/v2\/posts\/354465\/revisions\/354470"}],"wp:featuredmedia":[{"embeddable":true,"href":"https:\/\/www.radioluna.it\/news\/wp-json\/wp\/v2\/media\/354466"}],"wp:attachment":[{"href":"https:\/\/www.radioluna.it\/news\/wp-json\/wp\/v2\/media?parent=354465"}],"wp:term":[{"taxonomy":"category","embeddable":true,"href":"https:\/\/www.radioluna.it\/news\/wp-json\/wp\/v2\/categories?post=354465"},{"taxonomy":"post_tag","embeddable":true,"href":"https:\/\/www.radioluna.it\/news\/wp-json\/wp\/v2\/tags?post=354465"}],"curies":[{"name":"wp","href":"https:\/\/api.w.org\/{rel}","templated":true}]}}