{"id":354513,"date":"2024-06-14T13:09:47","date_gmt":"2024-06-14T11:09:47","guid":{"rendered":"https:\/\/www.radioluna.it\/news\/?p=354513"},"modified":"2024-06-14T18:03:19","modified_gmt":"2024-06-14T16:03:19","slug":"la-caserma-della-gdf-di-sabaudia-intitolata-a-filippo-mondelli","status":"publish","type":"post","link":"https:\/\/www.radioluna.it\/news\/2024\/06\/la-caserma-della-gdf-di-sabaudia-intitolata-a-filippo-mondelli\/","title":{"rendered":"La caserma della GdF di Sabaudia intitolata a Filippo Mondelli"},"content":{"rendered":"<div id=\"fb-root\"><\/div>\n<p><strong>(ph canottaggio.org)<\/strong><\/p>\n<p style=\"text-align: justify;\"><strong>SABAUDIA<\/strong> &#8211; Marted\u00ec 18 giugno la Caserma sede della Tenenza della Guardia di Finanza di Sabaudia sar\u00e0 intitolata al Finanziere Filippo Mondelli.\u00a0 Un riconoscimento importante per il campione di canottaggio delle Fiamme Gialle, scomparso prematuramente a soli 26 anni il 29 aprile 2021. La cerimonia di intitolazione che avr\u00e0 inizio alle ore 10.30, vedr\u00e0 la partecipazione di numerose Autorit\u00e0 militari e civili oltre ai rappresentati del III Nucleo Atleti delle Fiamme Gialle e alle Sezioni Giovanili di canoa e canottaggio.<\/p>\n<p>&#8220;La vita dell&#8217;atleta &#8211; ricorda la federazione Canottaggio in una nota\u00a0 &#8211; La sua vita, caratterizzata da numerose sfide superate con grande determinazione e il suo essere d\u2019esempio per i pi\u00f9 piccoli, hanno spinto il Comando Generale della Guardia di Finanza a scegliere la sua figura come fonte di ispirazione per le future generazioni, tanto da accostare per sempre il suo nome a una Caserma del Corpo&#8221;.<\/p>\n<p>Filippo arriv\u00f2 a Sabaudia l\u20198 maggio 2018 e da subito si fece apprezzare per le sue doti umane e caratteriali. Con i colori gialloverdi ottenne importanti successi che lo consacrarono tra i grandi del remo mondiale. \u00a0Lo stesso anno conquist\u00f2 il Titolo di Campione del Mondo in \u201cquattro di coppia\u201d Senior con un equipaggio tutto Fiamme Gialle composto da Giacomo Gentili, Andrea Panizza e Luca Rambaldi. L\u2019anno seguente, con il bronzo mondiale al collo, ottenne la qualificazione olimpica per i Giochi di Tokyo 2020. Nel gennaio 2020, nel pieno della preparazione olimpica, inizi\u00f2 la sua gara pi\u00f9 difficile affrontata come sempre con grande tenacia e a testa alta.<\/p>\n<p>Tutto il mondo sportivo italiano si affezion\u00f2 a lui e alle sue immense qualit\u00e0 umane tanto da eleggerlo, con 54 voti, a Consigliere Nazionale del CONI per il quadriennio 2021-2024, risultando essere il pi\u00f9 votato tra tutti i candidati. L\u2019intitolazione della Caserma della Tenenza di Sabaudia \u00e8 solamente l\u2019ultima delle tante iniziative in nome del \u201cPippo Nazionale\u201d. Infatti, in questi giorni dal 10 al 16 giugno, \u00e8 in svolgimento la terza edizione del Challenge Filippo Mondelli, manifestazione promozionale online di Indoor Rowing, il cui ricavato sar\u00e0 interamente devoluto alla ricerca per la lotta contro il cancro.<\/p>\n","protected":false},"excerpt":{"rendered":"<p>(ph canottaggio.org) SABAUDIA &#8211; Marted\u00ec 18 giugno la Caserma sede della Tenenza della Guardia di Finanza di Sabaudia sar\u00e0 intitolata al Finanziere Filippo Mondelli.\u00a0 Un riconoscimento importante per il campione di canottaggio delle Fiamme Gialle, scomparso prematuramente a soli 26 anni il 29 aprile 2021. La cerimonia di intitolazione che avr\u00e0 inizio alle ore 10.30, [&hellip;]<\/p>\n","protected":false},"author":5430,"featured_media":354514,"comment_status":"open","ping_status":"open","sticky":false,"template":"","format":"standard","meta":{"footnotes":""},"categories":[734,17],"tags":[],"class_list":["post-354513","post","type-post","status-publish","format-standard","has-post-thumbnail","hentry","category-evidenza","category-sport"],"_links":{"self":[{"href":"https:\/\/www.radioluna.it\/news\/wp-json\/wp\/v2\/posts\/354513","targetHints":{"allow":["GET"]}}],"collection":[{"href":"https:\/\/www.radioluna.it\/news\/wp-json\/wp\/v2\/posts"}],"about":[{"href":"https:\/\/www.radioluna.it\/news\/wp-json\/wp\/v2\/types\/post"}],"author":[{"embeddable":true,"href":"https:\/\/www.radioluna.it\/news\/wp-json\/wp\/v2\/users\/5430"}],"replies":[{"embeddable":true,"href":"https:\/\/www.radioluna.it\/news\/wp-json\/wp\/v2\/comments?post=354513"}],"version-history":[{"count":1,"href":"https:\/\/www.radioluna.it\/news\/wp-json\/wp\/v2\/posts\/354513\/revisions"}],"predecessor-version":[{"id":354516,"href":"https:\/\/www.radioluna.it\/news\/wp-json\/wp\/v2\/posts\/354513\/revisions\/354516"}],"wp:featuredmedia":[{"embeddable":true,"href":"https:\/\/www.radioluna.it\/news\/wp-json\/wp\/v2\/media\/354514"}],"wp:attachment":[{"href":"https:\/\/www.radioluna.it\/news\/wp-json\/wp\/v2\/media?parent=354513"}],"wp:term":[{"taxonomy":"category","embeddable":true,"href":"https:\/\/www.radioluna.it\/news\/wp-json\/wp\/v2\/categories?post=354513"},{"taxonomy":"post_tag","embeddable":true,"href":"https:\/\/www.radioluna.it\/news\/wp-json\/wp\/v2\/tags?post=354513"}],"curies":[{"name":"wp","href":"https:\/\/api.w.org\/{rel}","templated":true}]}}