{"id":354729,"date":"2024-06-18T14:17:42","date_gmt":"2024-06-18T12:17:42","guid":{"rendered":"https:\/\/www.radioluna.it\/news\/?p=354729"},"modified":"2024-06-19T09:11:15","modified_gmt":"2024-06-19T07:11:15","slug":"abbandonato-in-strada-con-il-braccio-amputato-stefanelli-fatto-gravissimo-lavoro-sommerso-attanaglia-la-nostra-provincia","status":"publish","type":"post","link":"https:\/\/www.radioluna.it\/news\/2024\/06\/abbandonato-in-strada-con-il-braccio-amputato-stefanelli-fatto-gravissimo-lavoro-sommerso-attanaglia-la-nostra-provincia\/","title":{"rendered":"Abbandonato in strada con il braccio amputato, Stefanelli: &#8220;Fatto gravissimo. Lavoro sommerso attanaglia la nostra provincia&#8221;"},"content":{"rendered":"<div id=\"fb-root\"><\/div>\n<p style=\"text-align: justify;\"><strong>LATINA<\/strong> &#8211; La notizia di ieri del grave incidente del lavoro in cui un giovane indiano ha perso un braccio e riportato numerose ferite riapre il dibattito sulla situazione dei lavoratori stranieri della provincia di Latina. &#8220;Quello di ieri \u00a0\u00e8 un fatto gravissimo, sintomo di un problema latente, che esplode ora per la brutalit\u00e0 dei fatti e le modalit\u00e0 con cui, il povero lavoratore, \u00e8 stato abbandonato senza i dovuti soccorsi. Una pagina triste sul lavoro sommerso che purtroppo ancora attanaglia la nostra provincia &#8211; commenta il presidente della Provincia Gerardo Stefanelli &#8211; . Nelle terre dell&#8217;Agro Pontino, dove da decenni l&#8217;agricoltura \u00e8 l&#8217;attiva primaria, appare ancora evidente come la mancata regolarizzazione della manodopera, in gran parte straniera, sia un fenomeno da indagare e affrontare senza ideologismi di sorta&#8221;.<\/p>\n<p style=\"text-align: justify;\">Mentre sono in corso le indagini per chiarire i fatti e le responsabilit\u00e0, Stefanelli auspica che &#8220;finito il frastuono dei titoli che un caso come questo solleva, si inizi un dialogo tra istituzioni per mettere in campo azioni concrete contro un tipo di lavoro che non pu\u00f2 essere pi\u00f9 accettato. I continui casi di cronaca, le premature morti e gli incidenti invalidanti come questi, ci dimostrano ancora una volta come manchi nel nostro Paese una cultura della sicurezza sul lavoro. \u00c8 compito delle istituzioni non solo introdurre tutti gli strumenti necessari, ma farsi promotori di azioni virtuose, che incentivino e guidino enti, privati e cittadini. Non possiamo permetterci altre vittime sul lavoro, n\u00e9 il diffondersi dell\u2019idea che si possa ancora lavorare nell\u2019assenza di tutele e diritti.<\/p>\n<p style=\"text-align: justify;\">Noi, come Provincia, nei mesi scorsi, richiamando i tragici fatti di cronaca di Firenze, avevamo riacceso l&#8217;attenzione sul Protocollo di Intesa con sindacati e ditte edili a controllo e tutela del lavoro sui cantieri edili nelle opere pubbliche della nostra centrale di committenza. Uno strumento consigliato e indirizzato ai comuni, che in breve tempo \u00e8 stato accolto e recepito dalle amministrazioni che hanno scelto di sottoscriverlo, creando una rete di controllo sugli appalti pubblici che mira a salvaguardare i lavoratori e combattere ogni forma di lavoro in nero attraverso la raccolta delle presenze in cantiere. Questo per dimostrare che, le istituzioni, nel loro piccolo possono contribuire ad innescare sistemi di controllo utili, dando una risposta chiara a un vecchio modo di intendere il lavoro, sempre pi\u00f9 deleterio e preoccupante con i numeri alla mano delle vittime.<\/p>\n<p style=\"text-align: justify;\">Il mondo dell\u2019agricoltura, come quello agricolo, accoglie purtroppo ancora troppi lavoratori \u201cin nero\u201d, non regolarizzati. Ecco perch\u00e9 serve un\u2019azione sinergica per un\u2019inversione di mentalit\u00e0 che promuova e diffonda la cultura della sicurezza, che tema pi\u00f9 il danno alla persona che le conseguenze penali, che azzeri le differenze informative sul sistema previdenziale e contributivo e sia lo strumento per una rinnovata centralit\u00e0 delle istituzioni su questi temi&#8221;, conclude il presidente della Provincia.<\/p>\n<p style=\"text-align: justify;\">\n","protected":false},"excerpt":{"rendered":"<p>LATINA &#8211; La notizia di ieri del grave incidente del lavoro in cui un giovane indiano ha perso un braccio e riportato numerose ferite riapre il dibattito sulla situazione dei lavoratori stranieri della provincia di Latina. &#8220;Quello di ieri \u00a0\u00e8 un fatto gravissimo, sintomo di un problema latente, che esplode ora per la brutalit\u00e0 dei [&hellip;]<\/p>\n","protected":false},"author":62,"featured_media":354730,"comment_status":"open","ping_status":"open","sticky":false,"template":"","format":"standard","meta":{"footnotes":""},"categories":[8],"tags":[],"class_list":["post-354729","post","type-post","status-publish","format-standard","has-post-thumbnail","hentry","category-politica"],"_links":{"self":[{"href":"https:\/\/www.radioluna.it\/news\/wp-json\/wp\/v2\/posts\/354729","targetHints":{"allow":["GET"]}}],"collection":[{"href":"https:\/\/www.radioluna.it\/news\/wp-json\/wp\/v2\/posts"}],"about":[{"href":"https:\/\/www.radioluna.it\/news\/wp-json\/wp\/v2\/types\/post"}],"author":[{"embeddable":true,"href":"https:\/\/www.radioluna.it\/news\/wp-json\/wp\/v2\/users\/62"}],"replies":[{"embeddable":true,"href":"https:\/\/www.radioluna.it\/news\/wp-json\/wp\/v2\/comments?post=354729"}],"version-history":[{"count":1,"href":"https:\/\/www.radioluna.it\/news\/wp-json\/wp\/v2\/posts\/354729\/revisions"}],"predecessor-version":[{"id":354731,"href":"https:\/\/www.radioluna.it\/news\/wp-json\/wp\/v2\/posts\/354729\/revisions\/354731"}],"wp:featuredmedia":[{"embeddable":true,"href":"https:\/\/www.radioluna.it\/news\/wp-json\/wp\/v2\/media\/354730"}],"wp:attachment":[{"href":"https:\/\/www.radioluna.it\/news\/wp-json\/wp\/v2\/media?parent=354729"}],"wp:term":[{"taxonomy":"category","embeddable":true,"href":"https:\/\/www.radioluna.it\/news\/wp-json\/wp\/v2\/categories?post=354729"},{"taxonomy":"post_tag","embeddable":true,"href":"https:\/\/www.radioluna.it\/news\/wp-json\/wp\/v2\/tags?post=354729"}],"curies":[{"name":"wp","href":"https:\/\/api.w.org\/{rel}","templated":true}]}}