{"id":354733,"date":"2024-06-18T17:49:30","date_gmt":"2024-06-18T15:49:30","guid":{"rendered":"https:\/\/www.radioluna.it\/news\/?p=354733"},"modified":"2024-06-19T10:48:21","modified_gmt":"2024-06-19T08:48:21","slug":"la-commissaria-cenciarelli-illustra-il-nuovo-atto-aziendale-della-asl-di-latina","status":"publish","type":"post","link":"https:\/\/www.radioluna.it\/news\/2024\/06\/la-commissaria-cenciarelli-illustra-il-nuovo-atto-aziendale-della-asl-di-latina\/","title":{"rendered":"La commissaria Cenciarelli illustra il nuovo Atto aziendale della Asl di Latina"},"content":{"rendered":"<div id=\"fb-root\"><\/div>\n<p style=\"text-align: justify;\"><strong>LATINA<\/strong> &#8211; E&#8217; stato illustrato questa mattina dalla commissaria della Asl di Latina Sabrina Cenciarelli e approvato all&#8217;unanimit\u00e0 dal Collegio di Direzione della Asl di Latina, il nuovo Atto Aziendale poi illustrato davanti alla Conferenza dei Sindaci che si \u00e8 riunita nell&#8217;aula consiliare del Comune di Latina presieduta dalla sindaca Matilde Celentano, alla presenza dei direttori amministrativo e sanitario aziendale della Asl di Latina, Pietro Leone e Sergio Parrocchia. Si tratta del principale documento di programmazione dell&#8217;azienda, che individua le politiche sanitarie, gli obiettivi e l&#8217;assetto organizzativo per la realizzazione dei programmi e le modalit\u00e0 di valutazione e controllo degli obiettivi della sanit\u00e0 pubblica locale. E la novit\u00e0 pi\u00f9 importante contenuta nel documento riguarda la nascita del Dipartimento Alte specialit\u00e0 Neuro-cardio-vascolari che vedr\u00e0\u00a0 l\u2019attivazione al Goretti della Uoc di Cardiochirurgia.<\/p>\n<p style=\"text-align: justify;\">Questa mattina nella sala conferenze della palazzina direzionale del Goretti \u00e8 intervenuto per il saluto di congedo anche il prefetto di Latina Maurizio Falco che a giorni lascer\u00e0 Latina per diventare commissario per la lotta al Caporalato.<\/p>\n<p style=\"text-align: justify;\"><strong>LE NOVITA&#8217;\u00a0<\/strong> &#8211;\u00a0 \u201cTra le novit\u00e0 introdotte con la proposta della dottoressa Cenciarelli &#8211; ha dichiarato Celentano al termine della riunione &#8211; \u00a0non posso non citare l\u2019istituzione del <strong>Dipartimento Alte specialit\u00e0 Neuro-cardio-vascolari <\/strong>che vedr\u00e0 finalmente a Latina l\u2019<strong>attivazione della Uoc di Cardiochirurgia<\/strong>, la quale andr\u00e0 a completare il virtuoso percorso esistente al Goretti di assistenza, cura e ricerca dedicato alle malattie cardiovascolari. Questo significa che presso l\u2019ospedale di Latina sar\u00e0 finalmente possibile effettuare \u00a0interventi complessi e implementare l\u2019interventistica mininvasiva, quali le procedure di sostituzione, riparazione della valvola mitrale o trattamento di patologie cardiache anche di tipo neoplastico. Si completa cos\u00ec il quadro delle funzioni di pi\u00f9 alta qualificazione caratterizzanti un Dea di II livello, secondo le indicazioni stabilite dalla normativa nazionale\u201d.<br \/>\nLa prima cittadina di Latina \u00a0ha poi evidenziato un\u2019altra novit\u00e0 contenuta nella proposta di atto aziendale illustrata oggi in aula: \u201cLa creazione di un dipartimento Materno-infantile transmurale, cio\u00e8 di un dipartimento che integri l\u2019ospedale e il territorio \u2013 ha specificato &#8211; L\u2019obiettivo \u00e8 quello di giungere ad un\u2019efficacia politica di governo clinico capace di assicurare percorsi assistenziali condivisi in ambito di prevenzione, di diagnosi e cura, collaborazione multidisciplinare, con la garanzia di sicurezza e formazione continua\u201d.<\/p>\n<div style=\"text-align: justify;\"><strong>Nascer\u00e0 un nuovo Dipartimento per la governance della rete ospedaliera e dell\u2019area critica<\/strong>: \u201cQuesto dipartimento \u2013 ha affermato il sindaco Celentano \u2013 \u00e8 stato pensato in base ad un approccio olistico, insieme clinico e organizzativo, che consideri le diverse fasi del percorso di cura. L\u2019integrazione organizzativa degli ospedali e delle funzioni di emergenza-urgenza ed alta intensit\u00e0 dell\u2019intera rete ospedaliera, operata nel nuovo modello organizzativo, promuove la funzione di centralizzazione delle attivit\u00e0 di facilitazione dei flussi di ricovero, le transizioni verso i setting territoriali, la programmazione delle attivit\u00e0 e la gestione delle sale operatorie\u201d. \u201cEd \u00e8 anche in questo contesto \u2013 ha aggiunto &#8211; che spiccano nuove figure, come quella del Toh (Team operativo ospedaliero), nata per contrastare il sovraffollamento del pronto soccorso, ma anche per la presa in carico del paziente da qualsiasi punto acceda, effettuando una valutazione globale dei suoi bisogni, la scelta del livello di assistenza maggiormente adeguato e il passaggio a setting diversi, secondo l\u2019evoluzione dei bisogni, evitando la discontinuit\u00e0 assistenziale\u201d.<\/div>\n<div style=\"text-align: justify;\">\n<p><strong>SUL TERRITORIO<\/strong> &#8211; Cambia il modello sul territorio con la creazione di un <strong>Dipartimento unico territoriale<\/strong>, \u201cidoneo a migliorare l\u2019integrazione tra le diverse strutture sanitarie, in modo da assicurare un accesso semplificato e una risposta coordinata e continua ai bisogni dei cittadini, pi\u00f9 adeguata a un bisogno di salute di quello specifico territorio\u201d.<\/p>\n<p>\u201cNel documento presentato oggi dalla dottoressa Cenciarelli \u2013 ha commentato la prima cittadina &#8211; si trovano elementi per un nuovo impulso della telemedicina, per l\u2019introduzione dell\u2019intelligenza artificiale e nuovi approcci, non ultimo quello del cosiddetto one health (alla lettera \u2018una salute\u2019) per affrontare le diseguaglianze e promuovere una salute globale, con la creazione di strutture deputate allo sviluppo e all\u2019implementazione di programmi pilota integrati salute-ambiente-clima in linea con le indicazioni del Pnrr. \u00a0Mi sento di affermare \u2013 ha concluso Celentano \u2013 che nel piano Cenciarelli ci sono moltissimi elementi innovativi, al passo con i tempi e perfettamente in linea con le nuove disposizioni della Regione Lazio, nell\u2019ottica di una sanit\u00e0 pi\u00f9 rispondente alle esigenze del territorio. Voglio ringraziare la dottoressa Cenciarelli per averci illustrato al meglio una sanit\u00e0 a cui Latina e la sua provincia possono ambire a breve giro di posta e tutti i sindaci e i loro rappresentanti per aver contribuito ad un dibattito sano e costruttivo sul tema della salute dei cittadini\u201d.<\/p>\n<p>Il documento che non \u00e8 stato ancora pubblicato (quelle contenute nella nota della sindaca di Latina sono le anticipazioni sui contenuti) sar\u00e0 messo a disposizione dei sindaci per consentire loro un esame pi\u00f9 approfondito sulla proposta che riguarda la riorganizzazione della sanit\u00e0 in tutta la provincia di Latina. Al momento i primi cittadini si sono riservati il giudizio in attesa di avere tra le mani il documento.<span style=\"color: #888888;\"><br \/>\n<\/span><\/p>\n<\/div>\n","protected":false},"excerpt":{"rendered":"<p>LATINA &#8211; E&#8217; stato illustrato questa mattina dalla commissaria della Asl di Latina Sabrina Cenciarelli e approvato all&#8217;unanimit\u00e0 dal Collegio di Direzione della Asl di Latina, il nuovo Atto Aziendale poi illustrato davanti alla Conferenza dei Sindaci che si \u00e8 riunita nell&#8217;aula consiliare del Comune di Latina presieduta dalla sindaca Matilde Celentano, alla presenza dei [&hellip;]<\/p>\n","protected":false},"author":62,"featured_media":354734,"comment_status":"open","ping_status":"open","sticky":false,"template":"","format":"standard","meta":{"footnotes":""},"categories":[8,2428,2616],"tags":[],"class_list":["post-354733","post","type-post","status-publish","format-standard","has-post-thumbnail","hentry","category-politica","category-primo-piano","category-sanita"],"_links":{"self":[{"href":"https:\/\/www.radioluna.it\/news\/wp-json\/wp\/v2\/posts\/354733","targetHints":{"allow":["GET"]}}],"collection":[{"href":"https:\/\/www.radioluna.it\/news\/wp-json\/wp\/v2\/posts"}],"about":[{"href":"https:\/\/www.radioluna.it\/news\/wp-json\/wp\/v2\/types\/post"}],"author":[{"embeddable":true,"href":"https:\/\/www.radioluna.it\/news\/wp-json\/wp\/v2\/users\/62"}],"replies":[{"embeddable":true,"href":"https:\/\/www.radioluna.it\/news\/wp-json\/wp\/v2\/comments?post=354733"}],"version-history":[{"count":9,"href":"https:\/\/www.radioluna.it\/news\/wp-json\/wp\/v2\/posts\/354733\/revisions"}],"predecessor-version":[{"id":354801,"href":"https:\/\/www.radioluna.it\/news\/wp-json\/wp\/v2\/posts\/354733\/revisions\/354801"}],"wp:featuredmedia":[{"embeddable":true,"href":"https:\/\/www.radioluna.it\/news\/wp-json\/wp\/v2\/media\/354734"}],"wp:attachment":[{"href":"https:\/\/www.radioluna.it\/news\/wp-json\/wp\/v2\/media?parent=354733"}],"wp:term":[{"taxonomy":"category","embeddable":true,"href":"https:\/\/www.radioluna.it\/news\/wp-json\/wp\/v2\/categories?post=354733"},{"taxonomy":"post_tag","embeddable":true,"href":"https:\/\/www.radioluna.it\/news\/wp-json\/wp\/v2\/tags?post=354733"}],"curies":[{"name":"wp","href":"https:\/\/api.w.org\/{rel}","templated":true}]}}