{"id":354740,"date":"2024-06-18T15:52:24","date_gmt":"2024-06-18T13:52:24","guid":{"rendered":"https:\/\/www.radioluna.it\/news\/?p=354740"},"modified":"2024-06-18T15:52:24","modified_gmt":"2024-06-18T13:52:24","slug":"estate-complicata-per-chi-viaggia-in-treno-lavori-in-corso-sulla-linea-roma-latina-formia","status":"publish","type":"post","link":"https:\/\/www.radioluna.it\/news\/2024\/06\/estate-complicata-per-chi-viaggia-in-treno-lavori-in-corso-sulla-linea-roma-latina-formia\/","title":{"rendered":"Estate complicata per chi viaggia in treno: lavori in corso sulla linea Roma-Latina-Formia"},"content":{"rendered":"<div id=\"fb-root\"><\/div>\n<p style=\"text-align: justify;\"><strong>LATINA<\/strong> &#8211; Lavori sulla linea ferroviaria Latina-Sezze &#8211; Priverno nell&#8217;ambito dei lavori di upgrading infrastrutturale e tecnologico nella linea Roma \u2013 Napoli via Formia, comporteranno la sospensione della circolazione ferroviaria.<\/p>\n<p style=\"text-align: justify;\">&#8220;Dal 18 giugno al 14 settembre Rete Ferroviaria Italiana, societ\u00e0 capofila del Polo Infrastrutture del Gruppo FS, effettuer\u00e0 importanti lavori di pgrading infrastrutturale e tecnologico nella linea Roma \u2013 Napoli via Formia &#8211; si legge in una nota del gestore &#8211;\u00a0Le attivit\u00e0 si svolgeranno in notturna nei giorni dal marted\u00ec al venerd\u00ec dal 18 giugno al 2 agosto e dal 24 agosto al 13 settembre ad eccezione dei seguenti giorni in cui la circolazione si conferma regolare: 28 giugno; 2 e 4 luglio; 12, 19 e 26 luglio e 30 agosto.<\/p>\n<p style=\"text-align: justify;\">Gli interventi, che richiedono la sospensione della circolazione ferroviaria, riguarderanno le attivit\u00e0 propedeutiche all\u2019attivazione dell\u2019ACC-M (Apparato Centrale a Computerizzato Multistazione) sulla tratta Latina \u2013 Sezze R. \u2013 Priverno F. ed attivit\u00e0 di modifica dei binari delle stazioni di Sezze Romano e Priverno Fossanova.<\/p>\n<p style=\"text-align: justify;\">I cantieri, del valore complessivo di circa 20 milioni euro, vedranno impegnati in questa fase 80 persone tra operai e tecnici di RFI e altre ditte appaltatrici per l\u2019intera fase dei lavori&#8221;.<\/p>\n","protected":false},"excerpt":{"rendered":"<p>LATINA &#8211; Lavori sulla linea ferroviaria Latina-Sezze &#8211; Priverno nell&#8217;ambito dei lavori di upgrading infrastrutturale e tecnologico nella linea Roma \u2013 Napoli via Formia, comporteranno la sospensione della circolazione ferroviaria. &#8220;Dal 18 giugno al 14 settembre Rete Ferroviaria Italiana, societ\u00e0 capofila del Polo Infrastrutture del Gruppo FS, effettuer\u00e0 importanti lavori di pgrading infrastrutturale e tecnologico [&hellip;]<\/p>\n","protected":false},"author":62,"featured_media":344540,"comment_status":"open","ping_status":"open","sticky":false,"template":"","format":"standard","meta":{"footnotes":""},"categories":[7,734],"tags":[],"class_list":["post-354740","post","type-post","status-publish","format-standard","has-post-thumbnail","hentry","category-cronaca","category-evidenza"],"_links":{"self":[{"href":"https:\/\/www.radioluna.it\/news\/wp-json\/wp\/v2\/posts\/354740","targetHints":{"allow":["GET"]}}],"collection":[{"href":"https:\/\/www.radioluna.it\/news\/wp-json\/wp\/v2\/posts"}],"about":[{"href":"https:\/\/www.radioluna.it\/news\/wp-json\/wp\/v2\/types\/post"}],"author":[{"embeddable":true,"href":"https:\/\/www.radioluna.it\/news\/wp-json\/wp\/v2\/users\/62"}],"replies":[{"embeddable":true,"href":"https:\/\/www.radioluna.it\/news\/wp-json\/wp\/v2\/comments?post=354740"}],"version-history":[{"count":1,"href":"https:\/\/www.radioluna.it\/news\/wp-json\/wp\/v2\/posts\/354740\/revisions"}],"predecessor-version":[{"id":354741,"href":"https:\/\/www.radioluna.it\/news\/wp-json\/wp\/v2\/posts\/354740\/revisions\/354741"}],"wp:featuredmedia":[{"embeddable":true,"href":"https:\/\/www.radioluna.it\/news\/wp-json\/wp\/v2\/media\/344540"}],"wp:attachment":[{"href":"https:\/\/www.radioluna.it\/news\/wp-json\/wp\/v2\/media?parent=354740"}],"wp:term":[{"taxonomy":"category","embeddable":true,"href":"https:\/\/www.radioluna.it\/news\/wp-json\/wp\/v2\/categories?post=354740"},{"taxonomy":"post_tag","embeddable":true,"href":"https:\/\/www.radioluna.it\/news\/wp-json\/wp\/v2\/tags?post=354740"}],"curies":[{"name":"wp","href":"https:\/\/api.w.org\/{rel}","templated":true}]}}