{"id":354779,"date":"2024-06-18T15:31:45","date_gmt":"2024-06-18T13:31:45","guid":{"rendered":"https:\/\/www.radioluna.it\/news\/?p=354779"},"modified":"2024-06-19T09:11:00","modified_gmt":"2024-06-19T07:11:00","slug":"latina-bracciante-ferito-e-abbandonato-calandrini-fdi-condanna-ferma-e-richiesta-di-giustizia","status":"publish","type":"post","link":"https:\/\/www.radioluna.it\/news\/2024\/06\/latina-bracciante-ferito-e-abbandonato-calandrini-fdi-condanna-ferma-e-richiesta-di-giustizia\/","title":{"rendered":"Latina, bracciante ferito e abbandonato, Calandrini (FdI): \u201cCondanna ferma e richiesta di giustizia\u201d\u00a0"},"content":{"rendered":"<div id=\"fb-root\"><\/div>\n<p style=\"text-align: justify;\"><strong>LATINA<\/strong> &#8211;\u00a0 \u201c\u00c8 con profonda indignazione che apprendo della vicenda del bracciante abbandonato gravemente ferito a Latina. Questo episodio, che riporta alla luce la drammatica realt\u00e0 dello sfruttamento e dell&#8217;indifferenza verso la dignit\u00e0 umana, non pu\u00f2 passare inosservato n\u00e9 restare impunito. Come rappresentante del popolo italiano e membro di Fratelli d&#8217;Italia, esprimo la mia pi\u00f9 totale solidariet\u00e0 alla vittima di questa disumana crudelt\u00e0. \u00c8 inaccettabile che nel nostro Paese possano verificarsi episodi di tale brutalit\u00e0, che offendono non solo la vittima ma l&#8217;intera comunit\u00e0 nazionale. Spero con tutte le forze che le autorit\u00e0 competenti riescano a identificare e perseguire penalmente i responsabili di questo atto vile. Non possiamo permettere che chi sfrutta e maltratta lavoratori indifesi continui a operare nell&#8217;impunit\u00e0. La tutela dei diritti dei lavoratori, la lotta contro ogni forma di sfruttamento e la promozione della legalit\u00e0 devono essere priorit\u00e0 assolute per il nostro Paese. Spero che tutte le forze politiche si uniscano in questa battaglia per la difesa della dignit\u00e0 umana e che non ci sia spazio per speculazioni politiche su temi cos\u00ec delicati\u201d.\u00a0Cos\u00ec in una nota il Senatore Nicola Calandrini, presidente della V Commissione Bilancio.<\/p>\n","protected":false},"excerpt":{"rendered":"<p>LATINA &#8211;\u00a0 \u201c\u00c8 con profonda indignazione che apprendo della vicenda del bracciante abbandonato gravemente ferito a Latina. Questo episodio, che riporta alla luce la drammatica realt\u00e0 dello sfruttamento e dell&#8217;indifferenza verso la dignit\u00e0 umana, non pu\u00f2 passare inosservato n\u00e9 restare impunito. Come rappresentante del popolo italiano e membro di Fratelli d&#8217;Italia, esprimo la mia pi\u00f9 [&hellip;]<\/p>\n","protected":false},"author":60,"featured_media":354780,"comment_status":"open","ping_status":"open","sticky":false,"template":"","format":"standard","meta":{"footnotes":""},"categories":[8],"tags":[],"class_list":["post-354779","post","type-post","status-publish","format-standard","has-post-thumbnail","hentry","category-politica"],"_links":{"self":[{"href":"https:\/\/www.radioluna.it\/news\/wp-json\/wp\/v2\/posts\/354779","targetHints":{"allow":["GET"]}}],"collection":[{"href":"https:\/\/www.radioluna.it\/news\/wp-json\/wp\/v2\/posts"}],"about":[{"href":"https:\/\/www.radioluna.it\/news\/wp-json\/wp\/v2\/types\/post"}],"author":[{"embeddable":true,"href":"https:\/\/www.radioluna.it\/news\/wp-json\/wp\/v2\/users\/60"}],"replies":[{"embeddable":true,"href":"https:\/\/www.radioluna.it\/news\/wp-json\/wp\/v2\/comments?post=354779"}],"version-history":[{"count":1,"href":"https:\/\/www.radioluna.it\/news\/wp-json\/wp\/v2\/posts\/354779\/revisions"}],"predecessor-version":[{"id":354781,"href":"https:\/\/www.radioluna.it\/news\/wp-json\/wp\/v2\/posts\/354779\/revisions\/354781"}],"wp:featuredmedia":[{"embeddable":true,"href":"https:\/\/www.radioluna.it\/news\/wp-json\/wp\/v2\/media\/354780"}],"wp:attachment":[{"href":"https:\/\/www.radioluna.it\/news\/wp-json\/wp\/v2\/media?parent=354779"}],"wp:term":[{"taxonomy":"category","embeddable":true,"href":"https:\/\/www.radioluna.it\/news\/wp-json\/wp\/v2\/categories?post=354779"},{"taxonomy":"post_tag","embeddable":true,"href":"https:\/\/www.radioluna.it\/news\/wp-json\/wp\/v2\/tags?post=354779"}],"curies":[{"name":"wp","href":"https:\/\/api.w.org\/{rel}","templated":true}]}}