{"id":355055,"date":"2024-06-25T14:37:39","date_gmt":"2024-06-25T12:37:39","guid":{"rendered":"https:\/\/www.radioluna.it\/news\/?p=355055"},"modified":"2024-06-25T14:37:39","modified_gmt":"2024-06-25T12:37:39","slug":"nasce-il-comitato-pride-sezze-coinvolgere-istituzioni-cittadini-e-associazioni","status":"publish","type":"post","link":"https:\/\/www.radioluna.it\/news\/2024\/06\/nasce-il-comitato-pride-sezze-coinvolgere-istituzioni-cittadini-e-associazioni\/","title":{"rendered":"Nasce il Comitato Pride Sezze: &#8220;Coinvolgere istituzioni, cittadini e associazioni&#8221;"},"content":{"rendered":"<div id=\"fb-root\"><\/div>\n<p style=\"text-align: justify;\"><strong>SEZZE<\/strong> \u2013\u00a0 Nasce a Sezze il Comitato Pride Sezze &#8220;gruppo spontaneo di ragazz* della nostra citt\u00e0, uniti dall\u2019intento comune di promuovere la sensibilizzazione sui temi della comunit\u00e0 LGBTQIA+&#8221;, gi\u00e0 al lavoro per l&#8217;organizzazione di un Pride da realizzare\u00a0 nella citt\u00e0 lepina. L&#8217;obiettivo \u00e8 quello di &#8220;creare uno spazio di dialogo e confronto, dove le voci e le esperienze di tutti possano essere ascoltate e valorizzate&#8221;, spiegano i fondatori del movimento.<\/p>\n<p style=\"text-align: justify;\">&#8220;Il Pride\u00a0 &#8211; dicono in una nota\u00a0 &#8211; rappresenta molto pi\u00f9 di una semplice manifestazione: \u00e8 un momento di celebrazione dell\u2019orgoglio e della dignit\u00e0 delle persone LGBTQIA+, un\u2019occasione per affermare i diritti di ogni individuo e per ricordare l\u2019importanza della lotta contro ogni forma di discriminazione. Crediamo fermamente che organizzare il Pride nella nostra citt\u00e0 possa essere un segnale importante di apertura e inclusione, capace di coinvolgere e sensibilizzare tutta la comunit\u00e0 setina.\u00a0Con questo obiettivo in mente, ci rivolgiamo alle istituzioni locali, alle associazioni e a tutti i cittadini, chiedendo il loro supporto per la realizzazione di questo evento. In particolare, necessitiamo di un luogo fisico adeguato dove poter svolgere il Pride, uno spazio che possa ospitare in sicurezza tutte le attivit\u00e0 previste e accogliere le persone che vorranno partecipare&#8221;.<\/p>\n<p style=\"text-align: justify;\">La prima richiesta \u00e8 quella di un incontro con l&#8217;amministrazione e le altre autorit\u00e0 competenti &#8220;per discutere le modalit\u00e0 di collaborazione e il sostegno necessario. Siamo convinti che, con l\u2019aiuto di tutt*, Sezze possa diventare un esempio di inclusivit\u00e0 e rispetto, un luogo dove ogni persona possa sentirsi libera di esprimere la propria identit\u00e0 senza paura. Ringraziamo anticipatamente chiunque vorr\u00e0 offrirci il proprio supporto e invitiamo tutti a unirsi a noi in questo percorso di crescita e consapevolezza&#8221;.<\/p>\n","protected":false},"excerpt":{"rendered":"<p>SEZZE \u2013\u00a0 Nasce a Sezze il Comitato Pride Sezze &#8220;gruppo spontaneo di ragazz* della nostra citt\u00e0, uniti dall\u2019intento comune di promuovere la sensibilizzazione sui temi della comunit\u00e0 LGBTQIA+&#8221;, gi\u00e0 al lavoro per l&#8217;organizzazione di un Pride da realizzare\u00a0 nella citt\u00e0 lepina. L&#8217;obiettivo \u00e8 quello di &#8220;creare uno spazio di dialogo e confronto, dove le voci [&hellip;]<\/p>\n","protected":false},"author":62,"featured_media":274178,"comment_status":"open","ping_status":"open","sticky":false,"template":"","format":"standard","meta":{"footnotes":""},"categories":[735,2428],"tags":[],"class_list":["post-355055","post","type-post","status-publish","format-standard","has-post-thumbnail","hentry","category-attualita","category-primo-piano"],"_links":{"self":[{"href":"https:\/\/www.radioluna.it\/news\/wp-json\/wp\/v2\/posts\/355055","targetHints":{"allow":["GET"]}}],"collection":[{"href":"https:\/\/www.radioluna.it\/news\/wp-json\/wp\/v2\/posts"}],"about":[{"href":"https:\/\/www.radioluna.it\/news\/wp-json\/wp\/v2\/types\/post"}],"author":[{"embeddable":true,"href":"https:\/\/www.radioluna.it\/news\/wp-json\/wp\/v2\/users\/62"}],"replies":[{"embeddable":true,"href":"https:\/\/www.radioluna.it\/news\/wp-json\/wp\/v2\/comments?post=355055"}],"version-history":[{"count":1,"href":"https:\/\/www.radioluna.it\/news\/wp-json\/wp\/v2\/posts\/355055\/revisions"}],"predecessor-version":[{"id":355063,"href":"https:\/\/www.radioluna.it\/news\/wp-json\/wp\/v2\/posts\/355055\/revisions\/355063"}],"wp:featuredmedia":[{"embeddable":true,"href":"https:\/\/www.radioluna.it\/news\/wp-json\/wp\/v2\/media\/274178"}],"wp:attachment":[{"href":"https:\/\/www.radioluna.it\/news\/wp-json\/wp\/v2\/media?parent=355055"}],"wp:term":[{"taxonomy":"category","embeddable":true,"href":"https:\/\/www.radioluna.it\/news\/wp-json\/wp\/v2\/categories?post=355055"},{"taxonomy":"post_tag","embeddable":true,"href":"https:\/\/www.radioluna.it\/news\/wp-json\/wp\/v2\/tags?post=355055"}],"curies":[{"name":"wp","href":"https:\/\/api.w.org\/{rel}","templated":true}]}}