{"id":355192,"date":"2024-06-26T14:10:54","date_gmt":"2024-06-26T12:10:54","guid":{"rendered":"https:\/\/www.radioluna.it\/news\/?p=355192"},"modified":"2024-06-26T13:58:37","modified_gmt":"2024-06-26T11:58:37","slug":"a-libri-nel-parco-la-guerra-in-provincia-di-littoria-ottantanni-dopo-1944-2024","status":"publish","type":"post","link":"https:\/\/www.radioluna.it\/news\/2024\/06\/a-libri-nel-parco-la-guerra-in-provincia-di-littoria-ottantanni-dopo-1944-2024\/","title":{"rendered":"A Libri nel Parco \u201cLa Guerra in Provincia di Littoria. Ottant\u2019anni dopo (1944 &#8211; 2024)&#8221;"},"content":{"rendered":"<div id=\"fb-root\"><\/div>\n<p style=\"text-align: justify;\"><strong>SABAUDIA\u00a0<\/strong> &#8211; Mercoled\u00ec\u00a0 26 giugno, alle ore 18:30,\u00a0 nella Corte Comunale, quinto appuntamento della decima edizione della rassegna LIBRI NEL PARCO. In questa occasione, Pier Giacomo Sottoriva dialogher\u00e0 con Vito Di Ventura e presenter\u00e0 il libro \u201cLa Guerra in Provincia di Littoria. Ottant\u2019anni dopo (1944 &#8211; 2024)&#8221;.<\/p>\n<p style=\"text-align: justify;\">Pier Giacomo Sottoriva \u00e8 un appassionato di ricerche storiche, in particolare relative alla Seconda Guerra Mondiale, \u00e8 stato direttore provinciale del Messaggero, si \u00e8 interessato professionalmente di Turismo dopo aver diretto l\u2019Ente provinciale che si occupava di turismo, \u00e8 Presidente onorario della Fondazione dedicata a \u201cMarcello Zei\u201d.<\/p>\n<p style=\"text-align: justify;\">Il volume che verr\u00e0 presentato domani, \u00e8 una riflessione di quanto accaduto durante il secondo conflitto mondiale nella provincia di Latina, allora Littoria.\u00a0 Un\u2019attenta ricostruzione dei fatti con un altrettanto attenta disamina critica del periodo.<\/p>\n<p style=\"text-align: justify;\">Libri nel Parco \u00e8 una rassegna ideata e organizzata dall\u2019Associazione Sabaudia Culturando con il patrocinio e il sostegno del Comune di Sabaudia e della Banca BCC del Circeo e Privernate<\/p>\n","protected":false},"excerpt":{"rendered":"<p>SABAUDIA\u00a0 &#8211; Mercoled\u00ec\u00a0 26 giugno, alle ore 18:30,\u00a0 nella Corte Comunale, quinto appuntamento della decima edizione della rassegna LIBRI NEL PARCO. In questa occasione, Pier Giacomo Sottoriva dialogher\u00e0 con Vito Di Ventura e presenter\u00e0 il libro \u201cLa Guerra in Provincia di Littoria. Ottant\u2019anni dopo (1944 &#8211; 2024)&#8221;. Pier Giacomo Sottoriva \u00e8 un appassionato di ricerche [&hellip;]<\/p>\n","protected":false},"author":60,"featured_media":355193,"comment_status":"open","ping_status":"open","sticky":false,"template":"","format":"standard","meta":{"footnotes":""},"categories":[2424],"tags":[],"class_list":["post-355192","post","type-post","status-publish","format-standard","has-post-thumbnail","hentry","category-i-nostri-libri"],"_links":{"self":[{"href":"https:\/\/www.radioluna.it\/news\/wp-json\/wp\/v2\/posts\/355192","targetHints":{"allow":["GET"]}}],"collection":[{"href":"https:\/\/www.radioluna.it\/news\/wp-json\/wp\/v2\/posts"}],"about":[{"href":"https:\/\/www.radioluna.it\/news\/wp-json\/wp\/v2\/types\/post"}],"author":[{"embeddable":true,"href":"https:\/\/www.radioluna.it\/news\/wp-json\/wp\/v2\/users\/60"}],"replies":[{"embeddable":true,"href":"https:\/\/www.radioluna.it\/news\/wp-json\/wp\/v2\/comments?post=355192"}],"version-history":[{"count":1,"href":"https:\/\/www.radioluna.it\/news\/wp-json\/wp\/v2\/posts\/355192\/revisions"}],"predecessor-version":[{"id":355194,"href":"https:\/\/www.radioluna.it\/news\/wp-json\/wp\/v2\/posts\/355192\/revisions\/355194"}],"wp:featuredmedia":[{"embeddable":true,"href":"https:\/\/www.radioluna.it\/news\/wp-json\/wp\/v2\/media\/355193"}],"wp:attachment":[{"href":"https:\/\/www.radioluna.it\/news\/wp-json\/wp\/v2\/media?parent=355192"}],"wp:term":[{"taxonomy":"category","embeddable":true,"href":"https:\/\/www.radioluna.it\/news\/wp-json\/wp\/v2\/categories?post=355192"},{"taxonomy":"post_tag","embeddable":true,"href":"https:\/\/www.radioluna.it\/news\/wp-json\/wp\/v2\/tags?post=355192"}],"curies":[{"name":"wp","href":"https:\/\/api.w.org\/{rel}","templated":true}]}}