{"id":355445,"date":"2024-06-29T08:23:15","date_gmt":"2024-06-29T06:23:15","guid":{"rendered":"https:\/\/www.radioluna.it\/news\/?p=355445"},"modified":"2024-07-02T11:04:37","modified_gmt":"2024-07-02T09:04:37","slug":"a-pantanello-tornano-liberi-civette-e-barbagianni","status":"publish","type":"post","link":"https:\/\/www.radioluna.it\/news\/2024\/06\/a-pantanello-tornano-liberi-civette-e-barbagianni\/","title":{"rendered":"A Pantanello tornano liberi civette e barbagianni"},"content":{"rendered":"<div id=\"fb-root\"><\/div>\n<p style=\"text-align: justify;\"><strong>CISTERNA\u00a0 DI LATINA<\/strong> &#8211;\u00a0 Saranno liberati oggi, dopo essere stati curati nel Centro di recupero della fauna selvatica di Fogliano, alcuni rapaci notturni. Civette e barbagianni potranno riprendere la vita nel loro ambiente naturale nel pomeriggio di sabato 29 giugno, in un evento in programma alle 17 nell&#8217;Oasi Naturale Parco di Pantanello a Ninfa. La partecipazione all&#8217;iniziativa, organizzata dalla Lipu in collaborazione con il Reparto carabinieri per la Biodiversit\u00e0 di Fogliano, \u00e8 su prenotazione. Seguir\u00e0 alle 19,15, l&#8217;escursione guidata nell&#8217;Oasi che si estende per cento ettari al di fuori delle mura del Giardino di Ninfa, ed \u00e8 un esempio di ricostituzione dell\u2019ambiente originario delle Paludi Pontine. Pantanello ha compiuto quest&#8217;anno 25 anni.<\/p>\n","protected":false},"excerpt":{"rendered":"<p>CISTERNA\u00a0 DI LATINA &#8211;\u00a0 Saranno liberati oggi, dopo essere stati curati nel Centro di recupero della fauna selvatica di Fogliano, alcuni rapaci notturni. Civette e barbagianni potranno riprendere la vita nel loro ambiente naturale nel pomeriggio di sabato 29 giugno, in un evento in programma alle 17 nell&#8217;Oasi Naturale Parco di Pantanello a Ninfa. La [&hellip;]<\/p>\n","protected":false},"author":62,"featured_media":355446,"comment_status":"open","ping_status":"open","sticky":false,"template":"","format":"standard","meta":{"footnotes":""},"categories":[12,16],"tags":[],"class_list":["post-355445","post","type-post","status-publish","format-standard","has-post-thumbnail","hentry","category-ambiente","category-appuntamenti"],"_links":{"self":[{"href":"https:\/\/www.radioluna.it\/news\/wp-json\/wp\/v2\/posts\/355445","targetHints":{"allow":["GET"]}}],"collection":[{"href":"https:\/\/www.radioluna.it\/news\/wp-json\/wp\/v2\/posts"}],"about":[{"href":"https:\/\/www.radioluna.it\/news\/wp-json\/wp\/v2\/types\/post"}],"author":[{"embeddable":true,"href":"https:\/\/www.radioluna.it\/news\/wp-json\/wp\/v2\/users\/62"}],"replies":[{"embeddable":true,"href":"https:\/\/www.radioluna.it\/news\/wp-json\/wp\/v2\/comments?post=355445"}],"version-history":[{"count":2,"href":"https:\/\/www.radioluna.it\/news\/wp-json\/wp\/v2\/posts\/355445\/revisions"}],"predecessor-version":[{"id":355448,"href":"https:\/\/www.radioluna.it\/news\/wp-json\/wp\/v2\/posts\/355445\/revisions\/355448"}],"wp:featuredmedia":[{"embeddable":true,"href":"https:\/\/www.radioluna.it\/news\/wp-json\/wp\/v2\/media\/355446"}],"wp:attachment":[{"href":"https:\/\/www.radioluna.it\/news\/wp-json\/wp\/v2\/media?parent=355445"}],"wp:term":[{"taxonomy":"category","embeddable":true,"href":"https:\/\/www.radioluna.it\/news\/wp-json\/wp\/v2\/categories?post=355445"},{"taxonomy":"post_tag","embeddable":true,"href":"https:\/\/www.radioluna.it\/news\/wp-json\/wp\/v2\/tags?post=355445"}],"curies":[{"name":"wp","href":"https:\/\/api.w.org\/{rel}","templated":true}]}}