{"id":355469,"date":"2024-07-01T07:34:21","date_gmt":"2024-07-01T05:34:21","guid":{"rendered":"https:\/\/www.radioluna.it\/news\/?p=355469"},"modified":"2024-07-01T07:34:21","modified_gmt":"2024-07-01T05:34:21","slug":"latina-92posa-della-prima-pietra-cerimonia-al-bonificatore","status":"publish","type":"post","link":"https:\/\/www.radioluna.it\/news\/2024\/07\/latina-92posa-della-prima-pietra-cerimonia-al-bonificatore\/","title":{"rendered":"Posa della prima pietra, cerimonia al Bonificatore per il 92\u00b0"},"content":{"rendered":"<div id=\"fb-root\"><\/div>\n<p style=\"text-align: justify;\"><strong>LATINA<\/strong> &#8211; Si \u00e8 tenuta domenica 30 giugno a Latina la cerimonia ufficiale per la ricorrenza della posa della prima pietra di quella che fu Littoria, poi Latina. Davanti al Monumento al Bonificatore, nel 92\u00b0 anniversario, ha parlato la sindaca Matilde Celentano che ha definito la citt\u00e0 &#8220;un modello sociale e culturale di interscambio e convivenza civile, pacifica e costruttiva&#8221; e ancora &#8220;capitale della pi\u00f9 felice contaminazione socio-culturale del nostro Paese, Latina giovane, Latina moderna, Latina citt\u00e0 europea&#8221;. Un passaggio dopo i fatti avvenuti al bracciante indiano Satnam Singh. Ai giovani della citt\u00e0 l&#8217; invito a conoscere la storia della citt\u00e0: &#8220;Sappiate\u00a0 &#8211; ha poi detto Celentano &#8211; essere gli ambasciatori del messaggio di civilt\u00e0, di unit\u00e0, di solidariet\u00e0, di impegno, di sacrificio e di pace di cui Latina \u00e8 portatrice dal giorno della sua nascita&#8221;.<\/p>\n<p style=\"text-align: justify;\"><strong>IL TESTO DEL DISCORSO<\/strong> &#8211; &#8220;<em>Soltanto sei mesi fa, il 18 dicembre scorso, ero qui, in questa stessa piazza, a celebrare il 91\u00b0 anniversario dell\u2019inaugurazione della nostra citt\u00e0: oggi, 30 giugno, siamo di nuovo al cospetto del monumento al Bonificatore perch\u00e9 quella di oggi \u00e8 la data di Fondazione di Littoria, il giorno in cui, nel 1932, venne posta la prima pietra di quella che oggi \u00e8 la nostra citt\u00e0: Latina.<\/em><\/p>\n<p style=\"text-align: justify;\"><em>Sono trascorsi esattamente 92 anni da quel giorno, ed \u00e8 con un certo senso di disorientamento che mi capita di pensare a come questo luogo sia profondamente cambiato nel giro di pochi decenni; alla velocit\u00e0 con la quale il cambiamento ha imposto trasformazioni che i nostri padri non avrebbero saputo immaginare.<\/em><\/p>\n<p style=\"text-align: justify;\"><em>In questi 92 anni Latina \u00e8 stata molte cose: la prima delle citt\u00e0 nuove dell\u2019agro redento dalla palude; il giardino da mostrare al mondo; la linea di confine sulla quale gli alleati sbarcati ad Anzio e i nazisti in ritirata hanno combattuto le ultime fasi sanguinose della seconda guerra mondiale; uno dei teatri della ricostruzione del Paese; la terra del boom economico con l\u2019avvento della Cassa per il Mezzogiorno; il luogo della sfida tecnologica lanciata dal visionario Enrico Mattei che volle proprio qui, a Borgo Sabotino, la prima centrale nucleare italiana; la citt\u00e0 del benessere e poi il laboratorio della crisi che ha colpito l\u2019intero Paese; la citt\u00e0 dell\u2019ospitalit\u00e0 e dell\u2019accoglienza, a cominciare dalle comunit\u00e0 giuliano dalmate e dai profughi in fuga dai Paesi dell\u2019est, dagli italiani profughi dalla Libia e dalla Tunisia; dai vietnamiti ai polacchi, fino agli indiani e ai nordafricani di adesso.<\/em><\/p>\n<p style=\"text-align: justify;\"><em>Una citt\u00e0 che alcuni vorrebbero intollerante e respingente, e che invece \u00e8 un modello sociale e culturale di interscambio e convivenza civile, pacifica e costruttiva, che vede crescere giorno dopo giorno nelle stesse classi delle scuole i bambini e i ragazzi di origini e culture profondamente diverse.<\/em><\/p>\n<p style=\"text-align: justify;\"><em>Si tratta di una realt\u00e0 che oggi attraversa l\u2019intero Paese da nord e sud, ma nessun luogo ha la specificit\u00e0 di Latina, l\u2019unica citt\u00e0 italiana dove dal giorno della nascita in poi il paradigma dell\u2019immigrazione \u00e8 stato e rimane una costante e un elemento costitutivo della societ\u00e0 e della cultura di questa comunit\u00e0 davvero speciale.<\/em><\/p>\n<p><em>Ecco, oggi, chiamata a celebrare la data di fondazione della citt\u00e0, voglio rivendicare con forza l\u2019identit\u00e0 di Latina citt\u00e0 aperta, Latina capitale della pi\u00f9 felice contaminazione socio-culturale del nostro Paese, Latina giovane, Latina moderna, Latina citt\u00e0 europea.<\/em><\/p>\n<p><em>Abbiamo di fronte a noi molta strada da fare e non possiamo smettere di crescere e di imparare, perch\u00e9 ogni giorno emergono nuove realt\u00e0 e nuovi problemi che vanno affrontati con intelligenza, coraggio e determinazione. E\u2019 dal modo in cui ci poniamo rispetto alle emergenze che si definisce e si pu\u00f2 giudicare il carattere della nostra comunit\u00e0.<\/em><\/p>\n<p><em>In queste ultime settimane, insieme all\u2019assessorato al Welfare, alla Asl e a tutti gli operatori del terzo settore stiamo affrontando, tutti insieme con riunioni periodiche congiunte, il problema delle cosiddette povert\u00e0 estreme, un fenomeno che ogni giorno si arricchisce di nuovi aspetti e nuovi protagonisti, un fenomeno che la nostra citt\u00e0 vuole capire, comprendere e affrontare dopo averne studiato le cause, le peculiarit\u00e0 e individuare i possibili rimedi. <\/em><br \/>\n<em>Non so dove arriveremo e cosa riusciremo a fare, ma gi\u00e0 il semplice fatto di essere riusciti a fare quadrato per concentrare le energie e le competenze attorno a un fenomeno sociale di rilevante portata \u00e8 il segno che siamo sulla strada giusta, il segnale che Latina \u00e8 in grado di gestire se stessa, che sa guardare avanti e sa allinearsi sulle traiettorie delle migliori forme di crescita sociale e culturale.<\/em><\/p>\n<p><em>Ed \u00e8 su questo solco, e con questo spirito, che dobbiamo affrontare da subito, da oggi, il percorso che ci condurr\u00e0 alle celebrazioni del Centenario di Latina nel 2032. Un appuntamento importantissimo per la citt\u00e0 e per l\u2019intera nostra comunit\u00e0; un appuntamento sul quale si sono gi\u00e0 accesi i riflettori del Paese, perch\u00e9 come sapete \u00e8 gi\u00e0 in fase avanzata in Parlamento l\u2019iter per la definitiva approvazione del disegno di legge sul Centenario di Latina (primi firmatari due senatori pontini). Si tratta di un riconoscimento che ci investe di una grande responsabilit\u00e0 che ci impone di essere all\u2019altezza del compito che ci aspetta: quello di arrivare al centesimo compleanno con una citt\u00e0 capace di indossare il miglior vestito per l\u2019ingresso da maggiorenne nella societ\u00e0 dell\u2019Europa.<\/em><\/p>\n<p><em>Quell\u2019Europa che proprio qui, su una delle isole dell\u2019arcipelago pontino, Ventotene, ha mosso i primi passi per raggiungere il traguardo che oggi fa della Comunit\u00e0 Europea un faro di civilt\u00e0 e di sicurezza.<\/em><\/p>\n<p><em>Sono certa che sapremo affrontare la sfida, una sfida gi\u00e0 cominciata e che ci vedr\u00e0, il 30 giugno 2032, splendere del nostro patrimonio architettonico, ambientale, umano e culturale.<\/em><\/p>\n<p><em>Voglio rivolgere un appello a tutti i giovani e ai ragazzi della nostra citt\u00e0: siate curiosi di conoscere la storia del luogo dove vivete, siate affamati delle radici della comunit\u00e0 di cui siete parte e di cui domani sarete i protagonisti, sappiate appropriarvi dei principi e dei valori dei padri fondatori di questa comunit\u00e0 e sappiate essere gli ambasciatori del messaggio di civilt\u00e0, di unit\u00e0, di solidariet\u00e0, di impegno, di sacrificio e di pace di cui Latina \u00e8 portatrice dal giorno della sua nascita.<\/em><\/p>\n<p><em>Grazie. Auguri Latina. Viva Latina<\/em>&#8220;<\/p>\n","protected":false},"excerpt":{"rendered":"<p>LATINA &#8211; Si \u00e8 tenuta domenica 30 giugno a Latina la cerimonia ufficiale per la ricorrenza della posa della prima pietra di quella che fu Littoria, poi Latina. Davanti al Monumento al Bonificatore, nel 92\u00b0 anniversario, ha parlato la sindaca Matilde Celentano che ha definito la citt\u00e0 &#8220;un modello sociale e culturale di interscambio e [&hellip;]<\/p>\n","protected":false},"author":62,"featured_media":355470,"comment_status":"open","ping_status":"open","sticky":false,"template":"","format":"standard","meta":{"footnotes":""},"categories":[8],"tags":[],"class_list":["post-355469","post","type-post","status-publish","format-standard","has-post-thumbnail","hentry","category-politica"],"_links":{"self":[{"href":"https:\/\/www.radioluna.it\/news\/wp-json\/wp\/v2\/posts\/355469","targetHints":{"allow":["GET"]}}],"collection":[{"href":"https:\/\/www.radioluna.it\/news\/wp-json\/wp\/v2\/posts"}],"about":[{"href":"https:\/\/www.radioluna.it\/news\/wp-json\/wp\/v2\/types\/post"}],"author":[{"embeddable":true,"href":"https:\/\/www.radioluna.it\/news\/wp-json\/wp\/v2\/users\/62"}],"replies":[{"embeddable":true,"href":"https:\/\/www.radioluna.it\/news\/wp-json\/wp\/v2\/comments?post=355469"}],"version-history":[{"count":2,"href":"https:\/\/www.radioluna.it\/news\/wp-json\/wp\/v2\/posts\/355469\/revisions"}],"predecessor-version":[{"id":355472,"href":"https:\/\/www.radioluna.it\/news\/wp-json\/wp\/v2\/posts\/355469\/revisions\/355472"}],"wp:featuredmedia":[{"embeddable":true,"href":"https:\/\/www.radioluna.it\/news\/wp-json\/wp\/v2\/media\/355470"}],"wp:attachment":[{"href":"https:\/\/www.radioluna.it\/news\/wp-json\/wp\/v2\/media?parent=355469"}],"wp:term":[{"taxonomy":"category","embeddable":true,"href":"https:\/\/www.radioluna.it\/news\/wp-json\/wp\/v2\/categories?post=355469"},{"taxonomy":"post_tag","embeddable":true,"href":"https:\/\/www.radioluna.it\/news\/wp-json\/wp\/v2\/tags?post=355469"}],"curies":[{"name":"wp","href":"https:\/\/api.w.org\/{rel}","templated":true}]}}