{"id":355550,"date":"2024-07-02T09:20:03","date_gmt":"2024-07-02T07:20:03","guid":{"rendered":"https:\/\/www.radioluna.it\/news\/?p=355550"},"modified":"2024-07-02T09:20:03","modified_gmt":"2024-07-02T07:20:03","slug":"nuovo-atto-aziendale-della-asl-di-latina-approvazione-unanime-della-conferenza-dei-sindaci","status":"publish","type":"post","link":"https:\/\/www.radioluna.it\/news\/2024\/07\/nuovo-atto-aziendale-della-asl-di-latina-approvazione-unanime-della-conferenza-dei-sindaci\/","title":{"rendered":"Nuovo atto aziendale della Asl di Latina, approvazione unanime della Conferenza dei sindaci"},"content":{"rendered":"<div id=\"fb-root\"><\/div>\n<p style=\"text-align: justify;\"><strong>LATINA<\/strong> &#8211; E&#8217; arrivato il s\u00ec unanime dei sindaci pontini all&#8217;atto aziendale della Asl di Latina. Il documento strategico di programmazione che organizza la sanit\u00e0\u00a0 sul territorio, \u00e8 stato approvato dalla conferenza presieduta dalla sindaca di Latina Matilde Celentano, dopo l&#8217;illustrazione\u00a0 avvenuta il 18 giugno scorso da parte della\u00a0 commissaria straordinaria Sabrina Cenciarelli contenente una novit\u00e0 esposta oggi.<\/p>\n<p style=\"text-align: justify;\">Ad inizio dei lavori, infatti, Cenciarelli ha aggiornato i presenti sul nuovo contenuto introdotto dopo la preventiva consultazione delle organizzazioni sindacali dalle quali \u00e8 arrivato il suggerimento. La novit\u00e0 riguarda l\u2019istituzione di un\u2019area funzionale interdipartimentale della Sicurezza alimentare e Sanit\u00e0 pubblica veterinaria. Si tratta di un\u2019area di coordinamento delle unit\u00e0 che agiscono trasversalmente lungo la filiera agroalimentare, un\u2019eccellenza del territorio, in tutte le fasi della produzione, della lavorazione, trasformazione, distribuzione, vendita e somministrazione degli alimenti, con approccio multidisciplinare per garantire in ogni fase la salubrit\u00e0 degli alimenti, contribuire alla prevenzione delle patologie nutrizionali, in linea con gli obiettivi del Piano regionale strategico.<\/p>\n<p style=\"text-align: justify;\">Alla riunione odierna, tenuta presso l\u2019aula consiliare del Comune di Latina, erano presenti, tra sindaci e delegati in presenza e da remoto, 26 Comuni su un totale di 33. Tutti hanno espresso parere favorevole. Nel corso della seduta, numerosi sindaci sono intervenuti per un convinto sostegno al documento, ma anche per sottolineare a livello territoriale le relative priorit\u00e0. Da parte dei presenti si \u00e8 registrata anche l\u2019istanza, rivolta al presidente della conferenza, di indire una nuova riunione per un aggiornamento sulla medicina territoriale e sullo stato dell\u2019arte dei progetti finanziati dal Pnrr.<\/p>\n<p style=\"text-align: justify;\">Dopo la votazione della bozza dell\u2019atto aziendale della Asl di Latina, i sindaci hanno anche approvato, a maggioranza, un atto di indirizzo rivolto alla governance sanitaria, illustrato dal sindaco di Sperlonga Armando Cusani e dal sindaco di Campodimele Tommaso Grossi. Un documento finalizzato soprattutto a ribadire la necessit\u00e0 per il territorio della realizzazione dei nuovi ospedali di Latina e del Sud Pontino, ma anche dell\u2019istituzione, tra i diversi indirizzi, di un\u2019area funzionale alla luce dell\u2019introduzione del fascicolo sanitario elettronico e della digitalizzazione dei servizi socio-sanitari.<\/p>\n<p>\u201cSono molto soddisfatta dell\u2019esito della conferenza di oggi \u2013 ha dichiarato la presidente della Conferenza dei sindaci Matilde Celentano a margine della seduta \u2013 I sindaci hanno condiviso la proposta della dottoressa Cenciarelli sulla base delle stesse motivazioni che mi hanno spinto, gi\u00e0 lo scorso 18 giugno, ad esprimere un giudizio del tutto positivo sul documento. La sanit\u00e0 pensata per la nostra provincia, attraverso questo nuovo atto aziendale, ha un contenuto fortemente innovativo e oserei dire rivoluzionario.<br \/>\n\u201cL\u2019atto aziendale proposto, quale strumento giuridico con il quale l\u2019Azienda sanitaria determina la propria organizzazione ed il proprio funzionamento in piena autonomia, \u00e8 del tutto rispettoso dei principi e dei criteri definiti dalla Regione \u2013 ha aggiunto\u00a0 -. E\u2019 un piano fattibile e rappresenta una sfida per l\u2019intero territorio, perch\u00e9 contiene la possibilit\u00e0 di rendere le nostre strutture (fisiche e organizzative) pi\u00f9 competitive e quindi pi\u00f9 attrattive. Gli ingredienti giusti per attrarre personale sanitario, che \u00e8 quello che davvero ci manca e che speriamo di poter incrementare al pi\u00f9 presto. L\u2019atto aziendale del commissario Cenciarelli segue dei valori irrinunciabili, che sono: centralit\u00e0 della persona, titolare del diritto alla salute; equit\u00e0 di accesso alle cure per tutte le persone presenti nel territorio, tutelando in particolare la salute dei soggetti fragili, con vulnerabilit\u00e0 socio-economica, e dei migranti; valorizzazione delle risorse umane e professionali degli operatori del servizio sanitario regionale; sviluppo delle attivit\u00e0 di ricerca e di formazione; miglioramento continuo della qualit\u00e0 dell\u2019assistenza e dell\u2019attivit\u00e0 amministrativa\u201d.<\/p>\n<p style=\"text-align: justify;\">Celentano ha ricordato i \u201cpezzi forti\u201d della proposta di atto aziendale, come ad esempio l\u2019istituzione del Dipartimento Alte specialit\u00e0 Neuro-cardio-vascolari che vedr\u00e0 finalmente a Latina l\u2019attivazione della Uoc di Cardiochirurgia, la quale andr\u00e0 a completare il virtuoso percorso esistente al Goretti di assistenza, cura e ricerca dedicato alle malattie cardiovascolari, la creazione di un dipartimento Materno-infantile transmurale, cio\u00e8 di un dipartimento che integri l\u2019ospedale e il territorio, la configurazione di un Dipartimento unico territoriale, idoneo a migliorare l\u2019integrazione tra le diverse strutture sanitarie, in modo da assicurare un accesso semplificato e una risposta coordinata e continua ai bisogni dei cittadini, pi\u00f9 adeguata a un bisogno di salute di quello specifico territorio. Inoltre, il sindaco di Latina ha evidenziato come nel documento presentato dalla dottoressa Cenciarelli \u201csi trovino elementi per un nuovo impulso della telemedicina, per l\u2019introduzione dell\u2019intelligenza artificiale e nuovi approcci, non ultimo quello del cosiddetto one haealth (alla lettera \u2018una salute\u2019) per affrontare le diseguaglianze e promuovere una salute globale, con la creazione di strutture deputate allo sviluppo e all\u2019implementazione di programmi pilota integrati salute-ambiente-clima in linea con le indicazioni del Pnrr\u201d.<\/p>\n<p style=\"text-align: justify;\">\u201cCon questo atto \u2013 ha concluso la prima cittadina di Latina &#8211; siamo al passo con i tempi e perfettamente in linea con le nuove disposizioni della Regione Lazio, nell\u2019ottica di una sanit\u00e0 pi\u00f9 rispondente alle esigenze del territorio. Questa \u00e8 la sanit\u00e0 a cui Latina e la sua provincia possono ambire a breve giro\u201d.<\/p>\n","protected":false},"excerpt":{"rendered":"<p>LATINA &#8211; E&#8217; arrivato il s\u00ec unanime dei sindaci pontini all&#8217;atto aziendale della Asl di Latina. Il documento strategico di programmazione che organizza la sanit\u00e0\u00a0 sul territorio, \u00e8 stato approvato dalla conferenza presieduta dalla sindaca di Latina Matilde Celentano, dopo l&#8217;illustrazione\u00a0 avvenuta il 18 giugno scorso da parte della\u00a0 commissaria straordinaria Sabrina Cenciarelli contenente una [&hellip;]<\/p>\n","protected":false},"author":60,"featured_media":355551,"comment_status":"open","ping_status":"open","sticky":false,"template":"","format":"standard","meta":{"footnotes":""},"categories":[8,2616],"tags":[],"class_list":["post-355550","post","type-post","status-publish","format-standard","has-post-thumbnail","hentry","category-politica","category-sanita"],"_links":{"self":[{"href":"https:\/\/www.radioluna.it\/news\/wp-json\/wp\/v2\/posts\/355550","targetHints":{"allow":["GET"]}}],"collection":[{"href":"https:\/\/www.radioluna.it\/news\/wp-json\/wp\/v2\/posts"}],"about":[{"href":"https:\/\/www.radioluna.it\/news\/wp-json\/wp\/v2\/types\/post"}],"author":[{"embeddable":true,"href":"https:\/\/www.radioluna.it\/news\/wp-json\/wp\/v2\/users\/60"}],"replies":[{"embeddable":true,"href":"https:\/\/www.radioluna.it\/news\/wp-json\/wp\/v2\/comments?post=355550"}],"version-history":[{"count":1,"href":"https:\/\/www.radioluna.it\/news\/wp-json\/wp\/v2\/posts\/355550\/revisions"}],"predecessor-version":[{"id":355552,"href":"https:\/\/www.radioluna.it\/news\/wp-json\/wp\/v2\/posts\/355550\/revisions\/355552"}],"wp:featuredmedia":[{"embeddable":true,"href":"https:\/\/www.radioluna.it\/news\/wp-json\/wp\/v2\/media\/355551"}],"wp:attachment":[{"href":"https:\/\/www.radioluna.it\/news\/wp-json\/wp\/v2\/media?parent=355550"}],"wp:term":[{"taxonomy":"category","embeddable":true,"href":"https:\/\/www.radioluna.it\/news\/wp-json\/wp\/v2\/categories?post=355550"},{"taxonomy":"post_tag","embeddable":true,"href":"https:\/\/www.radioluna.it\/news\/wp-json\/wp\/v2\/tags?post=355550"}],"curies":[{"name":"wp","href":"https:\/\/api.w.org\/{rel}","templated":true}]}}