{"id":355935,"date":"2024-07-08T09:46:58","date_gmt":"2024-07-08T07:46:58","guid":{"rendered":"https:\/\/www.radioluna.it\/news\/?p=355935"},"modified":"2024-07-08T13:32:10","modified_gmt":"2024-07-08T11:32:10","slug":"officina-abusiva-a-sabaudia-cerano-targhe-di-auto-rubate-droga-e-una-beretta-con-matricola-abrasa","status":"publish","type":"post","link":"https:\/\/www.radioluna.it\/news\/2024\/07\/officina-abusiva-a-sabaudia-cerano-targhe-di-auto-rubate-droga-e-una-beretta-con-matricola-abrasa\/","title":{"rendered":"Officina abusiva a Sabaudia: c&#8217;erano targhe di auto rubate, droga e una Beretta con matricola abrasa"},"content":{"rendered":"<div id=\"fb-root\"><\/div>\n<p style=\"text-align: justify;\"><strong>SABAUDIA\u00a0<\/strong> &#8211;\u00a0 I militari del Comando Provinciale della Guardia di Finanza di Latina hanno individuato e sottoposto a sequestro un\u2019autofficina abusiva allestita in una zona periferica di Sabaudia senza alcun titolo autorizzatorio su un&#8217;area di oltre 5000 mq\u00a0 dove erano ammassati numerosi rifiuti speciali e pericolosi. Sequestrata anche l&#8217;intera area e il titolare \u00e8 stato arrestato.<\/p>\n<p style=\"text-align: justify;\">In particolare, i Finanzieri della Compagnia di Terracina, nell\u2019ambito di una pi\u00f9 ampia attivit\u00e0 info-investigativa, hanno individuato e sequestrato, in una propriet\u00e0 privata non destinata ad uso commerciale, macchinari e attrezzature meccaniche strumentali all\u2019attivit\u00e0 di autoriparazione e carrozzeria, ricambi e parti di veicoli, tra cui anche targhe nazionali ed estere, provenienti da altri mezzi oggetto di furto. Contestualmente nei luoghi ispezionati, nelle disponibilit\u00e0 del gestore dell\u2019attivit\u00e0 abusiva di autoriparazione, sono stati rinvenuti e sottoposti a sequestro 5 grammi di cocaina, 2 bilancini di precisione, una pistola Beretta calibro 7.65 con matricola abrasa e 200 litri di gasolio agricolo agevolato non spettante.<\/p>\n<p style=\"text-align: justify;\">Il titolare, un cittadino di Sabaudia, \u00e8 accusato di reati ambientali, detenzione di armi clandestine e stupefacenti, ricettazione, sottrazione all&#8217;accertamento o al pagamento dell&#8217;accisa sugli prodotti energetici.<\/p>\n","protected":false},"excerpt":{"rendered":"<p>SABAUDIA\u00a0 &#8211;\u00a0 I militari del Comando Provinciale della Guardia di Finanza di Latina hanno individuato e sottoposto a sequestro un\u2019autofficina abusiva allestita in una zona periferica di Sabaudia senza alcun titolo autorizzatorio su un&#8217;area di oltre 5000 mq\u00a0 dove erano ammassati numerosi rifiuti speciali e pericolosi. Sequestrata anche l&#8217;intera area e il titolare \u00e8 stato [&hellip;]<\/p>\n","protected":false},"author":62,"featured_media":355936,"comment_status":"open","ping_status":"open","sticky":false,"template":"","format":"standard","meta":{"footnotes":""},"categories":[7,2428],"tags":[],"class_list":["post-355935","post","type-post","status-publish","format-standard","has-post-thumbnail","hentry","category-cronaca","category-primo-piano"],"_links":{"self":[{"href":"https:\/\/www.radioluna.it\/news\/wp-json\/wp\/v2\/posts\/355935","targetHints":{"allow":["GET"]}}],"collection":[{"href":"https:\/\/www.radioluna.it\/news\/wp-json\/wp\/v2\/posts"}],"about":[{"href":"https:\/\/www.radioluna.it\/news\/wp-json\/wp\/v2\/types\/post"}],"author":[{"embeddable":true,"href":"https:\/\/www.radioluna.it\/news\/wp-json\/wp\/v2\/users\/62"}],"replies":[{"embeddable":true,"href":"https:\/\/www.radioluna.it\/news\/wp-json\/wp\/v2\/comments?post=355935"}],"version-history":[{"count":1,"href":"https:\/\/www.radioluna.it\/news\/wp-json\/wp\/v2\/posts\/355935\/revisions"}],"predecessor-version":[{"id":355938,"href":"https:\/\/www.radioluna.it\/news\/wp-json\/wp\/v2\/posts\/355935\/revisions\/355938"}],"wp:featuredmedia":[{"embeddable":true,"href":"https:\/\/www.radioluna.it\/news\/wp-json\/wp\/v2\/media\/355936"}],"wp:attachment":[{"href":"https:\/\/www.radioluna.it\/news\/wp-json\/wp\/v2\/media?parent=355935"}],"wp:term":[{"taxonomy":"category","embeddable":true,"href":"https:\/\/www.radioluna.it\/news\/wp-json\/wp\/v2\/categories?post=355935"},{"taxonomy":"post_tag","embeddable":true,"href":"https:\/\/www.radioluna.it\/news\/wp-json\/wp\/v2\/tags?post=355935"}],"curies":[{"name":"wp","href":"https:\/\/api.w.org\/{rel}","templated":true}]}}