{"id":355976,"date":"2024-07-08T15:23:50","date_gmt":"2024-07-08T13:23:50","guid":{"rendered":"https:\/\/www.radioluna.it\/news\/?p=355976"},"modified":"2024-07-09T15:55:55","modified_gmt":"2024-07-09T13:55:55","slug":"ddl-sul-centenario-della-citta-di-latina-le-dichiarazioni-del-sindaco-matilde-celentano","status":"publish","type":"post","link":"https:\/\/www.radioluna.it\/news\/2024\/07\/ddl-sul-centenario-della-citta-di-latina-le-dichiarazioni-del-sindaco-matilde-celentano\/","title":{"rendered":"Ddl sul Centenario della citt\u00e0 di Latina, oggi la conferenza"},"content":{"rendered":"<div id=\"fb-root\"><\/div>\n<p style=\"text-align: justify;\"><strong>LATINA<\/strong> &#8211;\u00a0 Si \u00e8 tenuta questa mattina, al circolo cittadino di Latina, la conferenza stampa per illustrare le novit\u00e0 inerenti il Ddl sulle celebrazioni del centenario della citt\u00e0, che vede come primo firmatario il Senatore Nicola Calandrini, ed \u00e8 stato sottoscritto dai Senatori Fazzone, Paganella e Menia. Presenti al tavolo dei relatori, oltre al Senatore Calandrini, il Senatore Fazzone e il sindaco di Latina Matilde Celentano. A prendere la parola, in rappresentanza dell\u2019opposizione cittadina, il consigliere Maria Grazia Ciolfi.<\/p>\n<p>\u201cNon posso non ringraziare i miei colleghi Senatori pontini Claudio Fazzone e Claudio Durigon che con me hanno sostenuto il presente disegno di legge ma il ringraziamento va a tutti i gruppi parlamentari presenti in Senato che hanno inteso votare questo provvedimento all\u2019unanimit\u00e0, con particolare riferimento ai gruppi parlamentari del Pd e 5Stelle che, con i loro 10 emendamenti che sono stati approvati, hanno migliorato il testo che \u00e8 stato definitivamente licenziato dal Senato ed ora \u00e8 alla Camera dove\u00a0 auspico sar\u00e0 votato con un ampio sostegno parlamentare e quindi pubblicato sulla Gazzetta Ufficiale. Ringrazio il sindaco Celentano, la giunta e tutto il Consiglio Comunale di Latina per essere qui presenti poich\u00e9, rappresentando la citt\u00e0, sono gli interlocutori privilegiati di questo percorso\u201d ha esordito il Senatore Nicola Calandrini.<\/p>\n<p>\u201cOggi noi vogliamo raccontare dell\u2019opportunit\u00e0 che deriva dall\u2019istituzione di una fondazione per il centenario della citt\u00e0 di Latina \u2013 ha proseguito il Senatore-\u00a0 Questo non \u00e8 il progetto di una parte ma \u00e8 uno strumento per tutta la comunit\u00e0. Un\u2019occasione di riflessione per progettare la Latina futura. Noi abbiamo bisogno di definire il nostro domani. Il giorno del centenario deve servire a sottolineare la storia unica di questa citta che ha nel suo \u201cDna\u201d l\u2019accoglienza e l\u2019integrazione e basta ricordare a tal proposito cosa ha rappresentato il \u201ccampo profughi\u201d che, dopo la seconda guerra mondiale, ha accolto i cittadini giuliano dalmati e, successivamente, i rifugiati politici dell\u2019est europeo. Il centenario sar\u00e0 anche un momento di crescita culturale, turistica ed economica. Segnalo il bisogno di coinvolgere i Comuni della provincia: Latina \u00e8 il capoluogo e la capitale di questa provincia, deve essere attenta alle comunit\u00e0 che la circondano e che sono parte della citt\u00e0 stessa. Grazie a questo Disegno di Legge nascer\u00e0 una fondazione aperta alle intelligenze della citt\u00e0. In autunno faremo un evento in teatro che rappresenter\u00e0 lo start per parlare di questa grande sfida che ci aspetta. Questa \u00e8 stata citt\u00e0 di fondazione, ha visto vincere una sfida dell\u2019uomo contro la natura bonificando una palude, un percorso di quasi 100 anni fatti tutti di un fiato. In questa operazione non c\u2019\u00e8 spazio per alcuna nostalgia ma anzi il disegno di legge guarda al futuro partendo dal necessario rafforzamento delle radici storiche ed identitarie di questa citt\u00e0 che, come sosteneva il compianto sindaco Nino Corona, ha tutte le carte in regola per essere una citt\u00e0 europea. Finalmente \u2013 conclude il Senatore Calandrini &#8211;\u00a0 abbiamo l\u2019opportunit\u00e0 di fermarci, prendere la rincorsa e lanciarci verso il futuro \u201c<\/p>\n<p style=\"text-align: justify;\">\u201cA distanza di un anno quello che sembrava un sogno, si sta realizzando. L\u2019iter parlamentare, con tanto di passaggi nelle competenti commissioni, sta filando liscio. Il Ddl \u00e8 stato approvato dal Senato pochissimi giorni fa e sono certa che ricever\u00e0 consenso anche dalla Camera dei Deputati. Ringrazio, per questo, il senatore Nicola Calandrini, primo firmatario del Ddl studiato e pensato per il centenario della nostra citt\u00e0. Mi corre l\u2019obbligo di ringraziare anche gli altri senatori che lo hanno sostenuto, Claudio Fazzone, Andrea Paganella e Roberto Menia. Colgo l\u2019occasione per ringraziare, inoltre, il sottosegretario Claudio Durigon che esattamente un anno fa era qui a sostenere questa proposta di legge per la citt\u00e0 che amiamo, Latina.<\/p>\n<p style=\"text-align: justify;\">La nostra citt\u00e0 potr\u00e0 avere a disposizione somme importanti per giungere, con scelte condivise, all\u2019appuntamento del 2032 per le celebrazioni del Centenario di Fondazione. La nostra citt\u00e0 avr\u00e0 l\u2019opportunit\u00e0 di realizzare un\u2019offerta culturale non soltanto attrattiva per l\u2019anno delle celebrazioni ma duratura nel tempo, in grado di calamitare presenze turistiche e di promuovere all\u2019estero il territorio. Un territorio unico, bello, bellissimo, strappato alla palude e reso fertile attraverso le opere di ingegneria idraulica, reso salubre attraverso una massiccia campagna antimalarica, edificato e dotato dei servizi del vivere civile cresciuti di pari passo con la comunit\u00e0.<\/p>\n<p style=\"text-align: justify;\">Oggi da Sindaco mi trovo a festeggiare numerosi compleanni di concittadini centenari. E anche questa \u00e8 una unicit\u00e0. C\u2019\u00e8 una generazione di latinensi pi\u00f9 anziana della storia di Latina. Quasi un paradosso anagrafico che viviamo costantemente e che ci ricorda la grandezza della nostra comunit\u00e0, eterogenea nelle provenienze e sempre aperta.<\/p>\n<p style=\"text-align: justify;\">Latina \u00e8 l\u2019unico capoluogo di provincia italiano ad avere meno di 100 anni, ma una storia densa di eventi e molto significativa. Faremo del nostro meglio per utilizzare questo credito importante da parte del Parlamento e presentare la nostra citt\u00e0 nella sua dimensione migliore e autentica.<\/p>\n<p style=\"text-align: justify;\">Quando il Ddl \u00e8 stato approvato all\u2019unanimit\u00e0 dalla commissione Cultura ho detto di voler dedicare questo importante traguardo al nostro scrittore Antonio Pennacchi, cantautore che ha esportato nel mondo l\u2019epopea di Latina, con il suo meraviglioso romanzo \u201cCanale Mussolini\u201d che gli \u00e8 valso il Premio Strega. Mi sembra di vederlo qui seduto accanto a noi a commentare questo importante risultato che Latina merita in toto.<\/p>\n<p style=\"text-align: justify;\">Appena una settimana fa abbiamo celebrato il 92esimo anniversario della posa della prima pietra di Littoria. Non \u00e8 stata una celebrazione nostalgica. La nostra \u00e8 stata una celebrazione che guarda al futuro, allo sviluppo della nostra citt\u00e0 attraverso i giovani. Mi piace pensare alla Latina del futuro ancora giovane e per i giovani ed \u00e8 per questo che stiamo mettendo in atto la realizzazione di un sogno iniziato 30 anni fa di fare di Latina una vera citt\u00e0 universitaria.<\/p>\n<p style=\"text-align: justify;\">Oggi \u00e8 il giorno del Ddl. Il centenario di Latina, nel 2032, sar\u00e0 una celebrazione partecipata. E per questo voglio ringraziare ancora il senatore Calandrini per aver avviato un\u2019interlocuzione con le diverse forze politiche e associative della citt\u00e0. Cammineremo tutti insieme, cercando di integrare quella che sar\u00e0 l\u2019offerta culturale con le prospettive di sviluppo che come amministrazione sosteniamo fermamente\u201d.<\/p>\n<p style=\"text-align: justify;\">Queste le parole del sindaco Matilde Celentano, durante la conferenza stampa di presentazione del testo del disegno di legge sul Centenario della citt\u00e0 di Latina, che si \u00e8 svolta presso il circolo cittadino.<\/p>\n","protected":false},"excerpt":{"rendered":"<p>LATINA &#8211;\u00a0 Si \u00e8 tenuta questa mattina, al circolo cittadino di Latina, la conferenza stampa per illustrare le novit\u00e0 inerenti il Ddl sulle celebrazioni del centenario della citt\u00e0, che vede come primo firmatario il Senatore Nicola Calandrini, ed \u00e8 stato sottoscritto dai Senatori Fazzone, Paganella e Menia. Presenti al tavolo dei relatori, oltre al Senatore [&hellip;]<\/p>\n","protected":false},"author":60,"featured_media":0,"comment_status":"open","ping_status":"open","sticky":false,"template":"","format":"standard","meta":{"footnotes":""},"categories":[8],"tags":[],"class_list":["post-355976","post","type-post","status-publish","format-standard","hentry","category-politica"],"_links":{"self":[{"href":"https:\/\/www.radioluna.it\/news\/wp-json\/wp\/v2\/posts\/355976","targetHints":{"allow":["GET"]}}],"collection":[{"href":"https:\/\/www.radioluna.it\/news\/wp-json\/wp\/v2\/posts"}],"about":[{"href":"https:\/\/www.radioluna.it\/news\/wp-json\/wp\/v2\/types\/post"}],"author":[{"embeddable":true,"href":"https:\/\/www.radioluna.it\/news\/wp-json\/wp\/v2\/users\/60"}],"replies":[{"embeddable":true,"href":"https:\/\/www.radioluna.it\/news\/wp-json\/wp\/v2\/comments?post=355976"}],"version-history":[{"count":0,"href":"https:\/\/www.radioluna.it\/news\/wp-json\/wp\/v2\/posts\/355976\/revisions"}],"wp:attachment":[{"href":"https:\/\/www.radioluna.it\/news\/wp-json\/wp\/v2\/media?parent=355976"}],"wp:term":[{"taxonomy":"category","embeddable":true,"href":"https:\/\/www.radioluna.it\/news\/wp-json\/wp\/v2\/categories?post=355976"},{"taxonomy":"post_tag","embeddable":true,"href":"https:\/\/www.radioluna.it\/news\/wp-json\/wp\/v2\/tags?post=355976"}],"curies":[{"name":"wp","href":"https:\/\/api.w.org\/{rel}","templated":true}]}}