{"id":356264,"date":"2024-07-11T17:11:36","date_gmt":"2024-07-11T15:11:36","guid":{"rendered":"https:\/\/www.radioluna.it\/news\/?p=356264"},"modified":"2024-07-11T17:11:36","modified_gmt":"2024-07-11T15:11:36","slug":"consiglio-comunale-a-cisterna-un-minuto-di-silenzio-per-satnam","status":"publish","type":"post","link":"https:\/\/www.radioluna.it\/news\/2024\/07\/consiglio-comunale-a-cisterna-un-minuto-di-silenzio-per-satnam\/","title":{"rendered":"Consiglio comunale a Cisterna, un minuto di silenzio per Satnam"},"content":{"rendered":"<div id=\"fb-root\"><\/div>\n<div style=\"text-align: justify;\"><strong>CISTERNA &#8211;<\/strong> \u00c8 iniziata con un minuto di silenzio in ricordo di Satnam Singh la seduta di Consiglio comunale svolta ieri pomeriggio a Cisterna<\/div>\n<div style=\"text-align: justify;\">Il sindaco ha poi comunicato le iniziative a supporto della famiglia dell\u2019indiano vittima dell\u2019incidente sul lavoro e del mancato soccorso, ha ricordato il conto corrente attivato per dare un aiuto economico alla famiglia (disponibile nella home page del sito web comunale) e &#8211; se ci saranno i presupposti &#8211; la costituzione di parte civile nel processo.<\/div>\n<div style=\"text-align: justify;\">Ha poi ricordato una serie di iniziative in corso dall\u2019ultima riunione di Consiglio, come l\u2019attivazione di Cisterna Digitale per agevolare l&#8217;accesso e la fruizione dei servizi on line tramite facilitatori disponibile in Biblioteca comunale e in alcune zone decentrate, l\u2019inaugurazione dei campetti sportivi annessi alla scuola Plinio, tornati in funzione dopo decenni di abbandono, e la targa in ricordo del giovane Moses Kamar\u00e0, il voto favorevole al nuovo atto aziendale proposto dalla ASL nella recente conferenza dei sindaci, il voto contrario invece ad Acqualatina che prevedeva un aumento del 10% delle tariffe per i prossimi 4 anni, l\u2019adesione alla convenzione Consip per il rinnovamento ed efficientamento di tutta l\u2019illuminazione pubblica comunale, l\u2019avvio dei lavori nell\u2019area del mercato settimanale, l\u2019arrivo dei primi defibrillatori che presto verranno collocati in punti nevralgici della citt\u00e0, l\u2019eliminazione entro il mese di luglio di tutti i cassonetti con l\u2019avvio della raccolta differenziata porta a porta dei rifiuti su tutto il territorio comunale.<\/div>\n<div style=\"text-align: justify;\">Infine sulle cosiddette \u201cbuche\u201d ha informato che la pausa dei lavori iniziati nella parte adiacente al Palazzo Comunale per la realizzazione di un auditorium e parcheggio, \u00e8 stata causata dalla presenza di cavi telefonici ed elettrici di diverse compagnie che hanno richiesto del tempo per i necessari accordi per il trasferimento, ma che comunque si sta intervenendo nella restante area, mentre il roseto \u00e8 stato trasferito in Piazza Mascagni e gli alberi verranno ripiantati nel parco di San Valentino.<\/div>\n<div style=\"text-align: justify;\">Il consigliere Merolla ha voluto ricordare tutti i morti sul lavoro, la 65esima ricorrenza della concessione della Medaglia d&#8217;argento al valor civile, ha inoltre chiesto informazioni sulle colonie estive e su eventuali interventi strutturali al cimitero.<\/div>\n<div style=\"text-align: justify;\">Su questo punto ha risposto l\u2019assessore Santilli informando dello stanziamento di 500mila euro per il cimitero di cui circa 300 per la chiesa. Si inizier\u00e0 con un intervento di manutenzione e impermeabilizzazione, ma anche di restauro della chiesa e del portale dell\u2019ingresso, in aggiunta ad interventi gi\u00e0 svolti di recente in altri lotti.<\/div>\n<div>Di Cori ha posto il problema di alcune strutture sportive private fuori norma urbanistica, oltre ai lunghi tempi di attesa per il rilascio delle carte di identit\u00e0, mentre Antenucci ha chiesto informazioni sull\u2019intestazione dell\u2019auto di rappresentanza della Cisterna Ambiente che, come ha reso noto il sindaco, ha avuto il cambio di propriet\u00e0 interamente a carico personale del direttore dell\u2019azienda.<\/div>\n<div>L\u2019assessora Krilic, in merito alle attivit\u00e0 estive per minori, ha informato che non \u00e8 ancora giunto il contributo regionale previsto, per questo \u2013 quando verr\u00e0 erogato \u2013 sar\u00e0 emesso un avviso per il rimborso a chi avr\u00e0 frequentato i centri estivi.<\/div>\n<div>L\u2019assessore Capuzzo ha spiegato come le attese per il rilascio della carta d\u2019identit\u00e0 elettronica non sia causata da strumentazione obsoleta ma da una procedura ministeriale e situazioni personali pi\u00f9 complesse rispetto al passato, nonch\u00e9 da una penuria di impiegati. Ci\u00f2 nonostante siamo in linea con gli altri comuni, che sono stati organizzati vari open day che hanno riscosso successo con circa 170 documenti rilasciati ciascuna volta e che a breve se ne terr\u00e0 un altro.<\/div>\n<div>Quindi il presidente del Consiglio Mancini ha dato il via all\u2019esame dei punti all\u2019ordine del giorno.<\/div>\n<div>Dopo l\u2019approvazione dei verbali della seduta precedente, la consigliera Maria Ren\u00e8 Carturan ha ufficializzato il suo passaggio dall\u2019UDC a Noi Moderati, e successivamente c\u2019\u00e8 stata la presa d\u2019atto della modifica della composizione dei gruppi consiliari, della conferenza dei capigruppo e delle commissioni consiliari.<\/div>\n<div>Ad illustrare i tre punti sul bilancio, \u00e8 stata l\u2019assessora Innamorato che ha illustrato le due variazioni, una per i servizi sociali riguardante un finanziamento del Ministero dell\u2019Interno per il progetto Rete SAI e un altro per gli asili nido. L\u2019altra variazione invece sblocca e consente l\u2019affidamento di importanti lavori pubblici come la riqualificazione del campo sportivo e pista di atletica del San Valentino, la manutenzione straordinaria del tratto dell\u2019Appia Nord dall\u2019intersezione con la tangenziale al monumento ai Caduti sul lavoro, lavori di adeguamento della videosorveglianza, restauro della Fontana Biondi ed altro.<\/div>\n<div>Approvata anche la salvaguardia degli equilibri di bilancio in linea con quello di previsione gi\u00e0 deliberato nel dicembre scorso.<\/div>\n<div>All\u2019unanimit\u00e0 la restrizione del vincolo sull\u2019impianto di depurazione dei reflui oleari dei frantoi Lepini realizzato in localit\u00e0 Cerciabella nella seconda met\u00e0 degli anni \u201990 e mai entrato in funzione. Come pure all\u2019unanimit\u00e0 sono stati approvati i nuovi regolamenti sul Verde e Paesaggio, e sul Palio dell\u2019Anello, entrambi con l\u2019adeguamento alla tutela e salvaguardia degli animali e del verde pubblico, inteso anche come elemento di arredo e architettura urbana.<\/div>\n<div>Ha concluso l\u2019assise l\u2019approvazione delle controdeduzioni alle osservazioni giunte da privati sul Piano Particolareggiato Esecutivo relativo agli ambiti di completamento funzionale, ricucitura e riqualificazione urbanistica in corrispondenza dei nuclei spontanei.<\/div>\n<div class=\"radio-posizionamento-telefono-in-articoli-dopo-il-contenuto-articolo radio-entity-placement\" id=\"radio-1886191325\"><div id=\"radio-3180821626\"><a href=\"https:\/\/grupporedi.it\/\" aria-label=\"Redi-Qr\"><img loading=\"lazy\" decoding=\"async\" src=\"https:\/\/www.radioluna.it\/news\/wp-content\/uploads\/2026\/03\/Redi-Qr.jpg\" alt=\"\"  srcset=\"https:\/\/www.radioluna.it\/news\/wp-content\/uploads\/2026\/03\/Redi-Qr.jpg 800w, https:\/\/www.radioluna.it\/news\/wp-content\/uploads\/2026\/03\/Redi-Qr-768x639.jpg 768w\" sizes=\"(max-width: 800px) 100vw, 800px\" width=\"300\" height=\"250\"   \/><\/a><\/div><\/div>","protected":false},"excerpt":{"rendered":"<p>CISTERNA &#8211; \u00c8 iniziata con un minuto di silenzio in ricordo di Satnam Singh la seduta di Consiglio comunale svolta ieri pomeriggio a Cisterna Il sindaco ha poi comunicato le iniziative a supporto della famiglia dell\u2019indiano vittima dell\u2019incidente sul lavoro e del mancato soccorso, ha ricordato il conto corrente attivato per dare un aiuto economico [&hellip;]<\/p>\n","protected":false},"author":60,"featured_media":0,"comment_status":"open","ping_status":"open","sticky":false,"template":"","format":"standard","meta":{"footnotes":""},"categories":[8,2428],"tags":[],"class_list":["post-356264","post","type-post","status-publish","format-standard","hentry","category-politica","category-primo-piano"],"_links":{"self":[{"href":"https:\/\/www.radioluna.it\/news\/wp-json\/wp\/v2\/posts\/356264","targetHints":{"allow":["GET"]}}],"collection":[{"href":"https:\/\/www.radioluna.it\/news\/wp-json\/wp\/v2\/posts"}],"about":[{"href":"https:\/\/www.radioluna.it\/news\/wp-json\/wp\/v2\/types\/post"}],"author":[{"embeddable":true,"href":"https:\/\/www.radioluna.it\/news\/wp-json\/wp\/v2\/users\/60"}],"replies":[{"embeddable":true,"href":"https:\/\/www.radioluna.it\/news\/wp-json\/wp\/v2\/comments?post=356264"}],"version-history":[{"count":0,"href":"https:\/\/www.radioluna.it\/news\/wp-json\/wp\/v2\/posts\/356264\/revisions"}],"wp:attachment":[{"href":"https:\/\/www.radioluna.it\/news\/wp-json\/wp\/v2\/media?parent=356264"}],"wp:term":[{"taxonomy":"category","embeddable":true,"href":"https:\/\/www.radioluna.it\/news\/wp-json\/wp\/v2\/categories?post=356264"},{"taxonomy":"post_tag","embeddable":true,"href":"https:\/\/www.radioluna.it\/news\/wp-json\/wp\/v2\/tags?post=356264"}],"curies":[{"name":"wp","href":"https:\/\/api.w.org\/{rel}","templated":true}]}}