{"id":356510,"date":"2024-07-16T15:14:18","date_gmt":"2024-07-16T13:14:18","guid":{"rendered":"https:\/\/www.radioluna.it\/news\/?p=356510"},"modified":"2024-07-16T20:10:37","modified_gmt":"2024-07-16T18:10:37","slug":"incendio-alla-farla-obbligo-di-finestre-chiuse-nel-raggio-di-un-km-partito-il-monitoraggio-dellarpa","status":"publish","type":"post","link":"https:\/\/www.radioluna.it\/news\/2024\/07\/incendio-alla-farla-obbligo-di-finestre-chiuse-nel-raggio-di-un-km-partito-il-monitoraggio-dellarpa\/","title":{"rendered":"Incendio alla Farla, obbligo di finestre chiuse nel raggio di mille metri. Partito il monitoraggio dell&#8217;Arpa"},"content":{"rendered":"<div id=\"fb-root\"><\/div>\n<p style=\"text-align: justify;\"><strong>LATINA &#8211;<\/strong> Una centralina installata dall\u2019Arpa Lazio nell\u2019area al km 51 della Via dei Monti Lepini dove \u00e8 bruciato per ore il deposito della Farla, la cooperativa di farmacisti che si occupa della distribuzione intermedia di medicinali e prodotti parafarmaceutici a Latina e nel resto del Lazio, monitorer\u00e0 per le prossime 24-36 ore l\u2019aria, per rilevare l\u2019eventuale presenza di sostanze tossiche che possano provocare danni alla salute dei cittadini.<\/p>\n<p style=\"text-align: justify;\">Intanto, in via cautelativa, il Comune di Latina ha emesso l\u2019ordinanza che impone di tenere le finestre chiuse in abitazioni e attivit\u00e0 della zona, nel raggio di un chilometro dalla Farla e di lavare con cura tutte le verdure e la frutta prodotte nello stesso perimetro.<\/p>\n<p style=\"text-align: justify;\">Era stata la ASL di Latina, poco prima di mezzanotte, mentre le fiamme continuavano a bruciare e tenevano impegnate diverse squadre e mezzi dei vigili del fuoco, a\u00a0 consigliare la misura, in attesa dell\u2019acquisizione dei risultati dell\u2019indagine dell\u2019Agenzia regionale di protezione dell\u2019ambiente. \u00abIn seguito al devastante incendio di Latina, che nella serata di ieri ha distrutto un capannone della Farla, l\u2019azienda che opera nel campo della distribuzione di medicinali e prodotti parafarmaceutici, si sono immediatamente attivati i controlli da parte dell\u2019Agenzia Regionale per la Protezione Ambientale. Stiamo monitorando molto attentamente la situazione e siamo in costante contatto con i tecnici della squadra di emergenza ambientale di Latina che sono prontamente intervenuti sul luogo\u00bb, spiega\u00a0 l\u2019assessore all\u2019Ambiente, alla Transizione Energetica, al Turismo e allo Sport della Regione Lazio, Elena Palazzo. \u00ab\u00c8 stata allertata anche la squadra di emergenza della vicina provincia di Frosinone e gi\u00e0 in nottata \u00e8 stato installato un campionatore ad alto volume per la determinazione dei microinquinanti che si generano solitamente in seguito di incendi. I primi risultati dei rilevamenti in corso saranno disponibili nelle prossime 24 ore, il tempo necessario per il campionamento mediante filtrazione e per le successivamente analisi di laboratorio\u00bb, spiega l\u2019Assessore. \u00abIn attesa di tali risultati \u00e8 opportuno che la popolazione si attenga alle indicazioni precauzionali fornite dalla Asl di competenza e dal Comune di Latina, ovvero tenere le finestre chiuse e lavare accuratamente frutta e verdura prima del consumo\u00bb, conclude Palazzo.<\/p>\n<p style=\"text-align: justify;\"><strong>L&#8217;ORDINANZA INTEGRATA<\/strong> <strong>DUE VOLTE <\/strong>&#8211;\u00a0 Il Comune di Latina ha adeguato alle necessit\u00e0 la prima e la seconda ordinanza secondo quanto indicato dalla Asl di Latina . Nel terzo provvedimento \u00e8 riportato l&#8217;obbligo per due giorni di:<\/p>\n<p style=\"text-align: justify;\">-mantenere la chiusura delle finestre e di ogni altra forma di apertura degli immobili,<br \/>\nubicati ad una distanza lineare entro 1 km dallo stabilimento della suddetta societ\u00e0,<br \/>\nordinando che nel contempo siano accuratamente lavate tutte le verdure e la frutta<br \/>\nprodotte nello stesso predetto perimetro,<\/p>\n<p style=\"text-align: justify;\">&#8211; mantenere chiuse porte e finestre, alla popolazione e alle strutture ricettive nell\u2019area<br \/>\ninteressata, al fine di prevenire il possibile ingresso di sostanze pericolose contenute nelle<br \/>\neventuali polveri di ricaduta,<\/p>\n<p style=\"text-align: justify;\">&#8211; evitare gli spostamenti inutili nell\u2019area in questione e la permanenza\/attivit\u00e0 all\u2019aperto<br \/>\nladdove non necessari,a provvedere di disattivare gli impianti di areazione forzata con<br \/>\nimmissione di aria dall\u2019esterno ed attivarsi nel pi\u00f9 breve tempo possibile per la sostituzione<br \/>\no pulizia dei filtri degli impianti di condizionamento;<\/p>\n<p style=\"text-align: justify;\">&#8211; provvedere al lavaggio, esclusivamente con acqua, delle superfici esterne oggetto di<br \/>\naccumulo di polveri, evitando getti che possono rimettere in circolo le medesime;<\/p>\n<p style=\"text-align: justify;\">&#8211; al divieto di raccolta, consumo e vendita di prodotti vegetali quali frutta e verdura<br \/>\npotenzialmente esposti, nonch\u00e9 di tutti i prodotti di origine animale coltivati\/allevati<br \/>\nnell\u2019area come sopra individuata;<\/p>\n<p style=\"text-align: justify;\">&#8211; al divieto, in via precauzionale, di effettuare pascoli itineranti e obbligo di mantenere gli<br \/>\nanimali da cortile \u201cin stabulazione chiusa\u201d;<\/p>\n<p style=\"text-align: justify;\">Dispone poi che &#8220;gli appartenenti al Corpo di Polizia Locale, unitamente agli operatori delle FF.OO., sono tenuti ad effettuare la dovuta vigilanza in esecuzione della presente ordinanza&#8221;.<\/p>\n","protected":false},"excerpt":{"rendered":"<p>LATINA &#8211; Una centralina installata dall\u2019Arpa Lazio nell\u2019area al km 51 della Via dei Monti Lepini dove \u00e8 bruciato per ore il deposito della Farla, la cooperativa di farmacisti che si occupa della distribuzione intermedia di medicinali e prodotti parafarmaceutici a Latina e nel resto del Lazio, monitorer\u00e0 per le prossime 24-36 ore l\u2019aria, per [&hellip;]<\/p>\n","protected":false},"author":62,"featured_media":356511,"comment_status":"open","ping_status":"open","sticky":false,"template":"","format":"standard","meta":{"footnotes":""},"categories":[7,2428],"tags":[],"class_list":["post-356510","post","type-post","status-publish","format-standard","has-post-thumbnail","hentry","category-cronaca","category-primo-piano"],"_links":{"self":[{"href":"https:\/\/www.radioluna.it\/news\/wp-json\/wp\/v2\/posts\/356510","targetHints":{"allow":["GET"]}}],"collection":[{"href":"https:\/\/www.radioluna.it\/news\/wp-json\/wp\/v2\/posts"}],"about":[{"href":"https:\/\/www.radioluna.it\/news\/wp-json\/wp\/v2\/types\/post"}],"author":[{"embeddable":true,"href":"https:\/\/www.radioluna.it\/news\/wp-json\/wp\/v2\/users\/62"}],"replies":[{"embeddable":true,"href":"https:\/\/www.radioluna.it\/news\/wp-json\/wp\/v2\/comments?post=356510"}],"version-history":[{"count":4,"href":"https:\/\/www.radioluna.it\/news\/wp-json\/wp\/v2\/posts\/356510\/revisions"}],"predecessor-version":[{"id":356539,"href":"https:\/\/www.radioluna.it\/news\/wp-json\/wp\/v2\/posts\/356510\/revisions\/356539"}],"wp:featuredmedia":[{"embeddable":true,"href":"https:\/\/www.radioluna.it\/news\/wp-json\/wp\/v2\/media\/356511"}],"wp:attachment":[{"href":"https:\/\/www.radioluna.it\/news\/wp-json\/wp\/v2\/media?parent=356510"}],"wp:term":[{"taxonomy":"category","embeddable":true,"href":"https:\/\/www.radioluna.it\/news\/wp-json\/wp\/v2\/categories?post=356510"},{"taxonomy":"post_tag","embeddable":true,"href":"https:\/\/www.radioluna.it\/news\/wp-json\/wp\/v2\/tags?post=356510"}],"curies":[{"name":"wp","href":"https:\/\/api.w.org\/{rel}","templated":true}]}}