{"id":356522,"date":"2024-07-16T16:26:38","date_gmt":"2024-07-16T14:26:38","guid":{"rendered":"https:\/\/www.radioluna.it\/news\/?p=356522"},"modified":"2024-07-16T16:27:01","modified_gmt":"2024-07-16T14:27:01","slug":"piu-posti-letto-alla-asl-di-latina-la-giunta-regionale-delibera-il-nuovo-fabbisogno","status":"publish","type":"post","link":"https:\/\/www.radioluna.it\/news\/2024\/07\/piu-posti-letto-alla-asl-di-latina-la-giunta-regionale-delibera-il-nuovo-fabbisogno\/","title":{"rendered":"Pi\u00f9 posti letto alla Asl di Latina, la giunta regionale delibera il nuovo fabbisogno"},"content":{"rendered":"<div id=\"fb-root\"><\/div>\n<p style=\"text-align: justify;\"><strong>LATINA &#8211;\u00a0<\/strong>&#8220;Adesso \u00e8 ufficiale: il nuovo fabbisogno dei posti letto ospedalieri nel Lazio per gli anni 2024-2025 \u00e8 stato deliberato dalla giunta regionale. Confermo quanto affermato due settimane fa: ci saranno pi\u00f9 posti letto per le strutture sanitarie pubbliche e private della nostra provincia. L&#8217;Asl di Latina avr\u00e0 pi\u00f9 posti rispetto al passato. Ai 220 in pi\u00f9 previsti dall\u2019originario schema di deliberazione se ne aggiungeranno altri 70, per un totale complessivo di 290 posti letto in pi\u00f9 rispetto al piano precedente&#8221;.\u00a0 Lo dichiara in una nota Enrico Tiero, presidente della commissione Sviluppo economico e Attivit\u00e0 produttive, nonch\u00e9 componente della commissione Sanit\u00e0 del Consiglio regionale del Lazio.<img loading=\"lazy\" decoding=\"async\" class=\"wp-image-356523 alignright\" src=\"https:\/\/www.radioluna.it\/news\/wp-content\/uploads\/2024\/07\/tiero.jpeg\" alt=\"\" width=\"398\" height=\"298\" srcset=\"https:\/\/www.radioluna.it\/news\/wp-content\/uploads\/2024\/07\/tiero.jpeg 1600w, https:\/\/www.radioluna.it\/news\/wp-content\/uploads\/2024\/07\/tiero-768x576.jpeg 768w, https:\/\/www.radioluna.it\/news\/wp-content\/uploads\/2024\/07\/tiero-1536x1152.jpeg 1536w\" sizes=\"auto, (max-width: 398px) 100vw, 398px\" \/><\/p>\n<p style=\"text-align: justify;\">Tiero ricorda di aver chiesto nella commissione Sanit\u00e0 del 13 giugno scorso, insieme al collega Daniele Sabatini, un approfondimento sulla proposta di delibera dopo aver ritenuto non adeguato il numero dei posti letto assegnati alle diverse province. &#8220;A tal proposito abbiamo presentato osservazioni allo schema di delibera come maggioranza, volto proprio ad assicurare un&#8217;equa copertura di letti nelle differenti Asl territoriali. Grazie alle osservazioni presentate dalla maggioranza si \u00e8 deciso di redistribuire ben 450 letti inizialmente attribuiti alla Rm1 a favore delle Asl delle province di Latina, Frosinone, Viterbo, Rieti, oltre che delle altre Asl romane. L&#8217;Asl di Latina dunque, che vantava 1918 posti autorizzati al maggio di quest&#8217;anno, grazie a questo nuovo provvedimento, avr\u00e0 a disposizione complessivamente 2208 letti. Di questi, 816 sono destinati all&#8217;area medica, 871 alla chirurgica, 84 all&#8217;area critica, 69 alla lungodegenza, mentre 367 andranno alla riabilitazione. Ringrazio il direttore della Sanit\u00e0 regionale Andrea Urbani, per il lavoro svolto nell&#8217;interesse delle nostre comunit\u00e0. Dopo il piano regionale che prevede 1051 assunzioni all&#8217;Asl di Latina siamo riusciti a strappare un altro importante provvedimento, che migliorer\u00e0 sensibilmente la qualit\u00e0 dei servizi sanitari nel territorio pontino. Sicuramente siamo ad una svolta epocale per la nostra regione, che ha come principale artefice il nostro governatore Francesco Rocca, cui va il mio personale grande ringraziamento per quanto sta facendo per i cittadini del Lazio&#8221;, conclude Tiero.<\/p>\n<p style=\"text-align: justify;\">\n","protected":false},"excerpt":{"rendered":"<p>LATINA &#8211;\u00a0&#8220;Adesso \u00e8 ufficiale: il nuovo fabbisogno dei posti letto ospedalieri nel Lazio per gli anni 2024-2025 \u00e8 stato deliberato dalla giunta regionale. Confermo quanto affermato due settimane fa: ci saranno pi\u00f9 posti letto per le strutture sanitarie pubbliche e private della nostra provincia. L&#8217;Asl di Latina avr\u00e0 pi\u00f9 posti rispetto al passato. Ai 220 [&hellip;]<\/p>\n","protected":false},"author":60,"featured_media":338097,"comment_status":"open","ping_status":"open","sticky":false,"template":"","format":"standard","meta":{"footnotes":""},"categories":[735,2616],"tags":[],"class_list":["post-356522","post","type-post","status-publish","format-standard","has-post-thumbnail","hentry","category-attualita","category-sanita"],"_links":{"self":[{"href":"https:\/\/www.radioluna.it\/news\/wp-json\/wp\/v2\/posts\/356522","targetHints":{"allow":["GET"]}}],"collection":[{"href":"https:\/\/www.radioluna.it\/news\/wp-json\/wp\/v2\/posts"}],"about":[{"href":"https:\/\/www.radioluna.it\/news\/wp-json\/wp\/v2\/types\/post"}],"author":[{"embeddable":true,"href":"https:\/\/www.radioluna.it\/news\/wp-json\/wp\/v2\/users\/60"}],"replies":[{"embeddable":true,"href":"https:\/\/www.radioluna.it\/news\/wp-json\/wp\/v2\/comments?post=356522"}],"version-history":[{"count":1,"href":"https:\/\/www.radioluna.it\/news\/wp-json\/wp\/v2\/posts\/356522\/revisions"}],"predecessor-version":[{"id":356524,"href":"https:\/\/www.radioluna.it\/news\/wp-json\/wp\/v2\/posts\/356522\/revisions\/356524"}],"wp:featuredmedia":[{"embeddable":true,"href":"https:\/\/www.radioluna.it\/news\/wp-json\/wp\/v2\/media\/338097"}],"wp:attachment":[{"href":"https:\/\/www.radioluna.it\/news\/wp-json\/wp\/v2\/media?parent=356522"}],"wp:term":[{"taxonomy":"category","embeddable":true,"href":"https:\/\/www.radioluna.it\/news\/wp-json\/wp\/v2\/categories?post=356522"},{"taxonomy":"post_tag","embeddable":true,"href":"https:\/\/www.radioluna.it\/news\/wp-json\/wp\/v2\/tags?post=356522"}],"curies":[{"name":"wp","href":"https:\/\/api.w.org\/{rel}","templated":true}]}}