{"id":356569,"date":"2024-07-17T09:45:11","date_gmt":"2024-07-17T07:45:11","guid":{"rendered":"https:\/\/www.radioluna.it\/news\/?p=356569"},"modified":"2024-07-19T11:17:04","modified_gmt":"2024-07-19T09:17:04","slug":"incidente-sulla-cori-giulianello-attesa-per-le-autopsie-sui-corpi-delle-tre-vittime","status":"publish","type":"post","link":"https:\/\/www.radioluna.it\/news\/2024\/07\/incidente-sulla-cori-giulianello-attesa-per-le-autopsie-sui-corpi-delle-tre-vittime\/","title":{"rendered":"Incidente sulla Cori-Giulianello, attesa per le autopsie sui corpi delle tre vittime"},"content":{"rendered":"<div id=\"fb-root\"><\/div>\n<p style=\"text-align: justify;\"><strong>CORI<\/strong> &#8211; Saranno eseguite all\u2019obitorio di Sabaudia, dal medico legale Alessandro Mariani, le autopsie sui corpi dei due fidanzatini di Cori, Alice Carconi , 14 anni, e Cristian Spirito, 16,\u00a0 e su Ezio Marchetti il 46enne di Sezze, tutti morti nell\u2019incidente avvenuto domenica sera sulla provinciale Cori-Giulianello dove le moto su cui viaggiavano si sono scontrate frontalmente.<\/p>\n<p style=\"text-align: justify;\">Non ci sono testimoni dell\u2019impatto fatale e questo rende la ricostruzione dell\u2019incidente pi\u00f9 difficile. Sar\u00e0 la Procura della repubblica di Latina a stabilire come procedere dopo l\u2019esame sulle salme che servir\u00e0 a comprendere le cause della morte e in particolare se le condizioni di salute di uno dei conducenti possano aver avuto un ruolo nel dramma.<\/p>\n<p style=\"text-align: justify;\">Le esequie potranno essere celebrate quando ci sar\u00e0 il via libera degli inquirenti, eseguita l&#8217;autopsia, e quel giorno a Cori sar\u00e0 lutto cittadino come deciso dal sindaco Mauro De Lillis all&#8217;indomani della tragedia che ha sconvolto la comunit\u00e0. Forse il funerale dei due ragazzi sar\u00e0 celebrato in un luogo pubblico all\u2019aperto.<\/p>\n","protected":false},"excerpt":{"rendered":"<p>CORI &#8211; Saranno eseguite all\u2019obitorio di Sabaudia, dal medico legale Alessandro Mariani, le autopsie sui corpi dei due fidanzatini di Cori, Alice Carconi , 14 anni, e Cristian Spirito, 16,\u00a0 e su Ezio Marchetti il 46enne di Sezze, tutti morti nell\u2019incidente avvenuto domenica sera sulla provinciale Cori-Giulianello dove le moto su cui viaggiavano si sono [&hellip;]<\/p>\n","protected":false},"author":62,"featured_media":356576,"comment_status":"open","ping_status":"open","sticky":false,"template":"","format":"gallery","meta":{"footnotes":""},"categories":[7],"tags":[],"class_list":["post-356569","post","type-post","status-publish","format-gallery","has-post-thumbnail","hentry","category-cronaca","post_format-post-format-gallery"],"_links":{"self":[{"href":"https:\/\/www.radioluna.it\/news\/wp-json\/wp\/v2\/posts\/356569","targetHints":{"allow":["GET"]}}],"collection":[{"href":"https:\/\/www.radioluna.it\/news\/wp-json\/wp\/v2\/posts"}],"about":[{"href":"https:\/\/www.radioluna.it\/news\/wp-json\/wp\/v2\/types\/post"}],"author":[{"embeddable":true,"href":"https:\/\/www.radioluna.it\/news\/wp-json\/wp\/v2\/users\/62"}],"replies":[{"embeddable":true,"href":"https:\/\/www.radioluna.it\/news\/wp-json\/wp\/v2\/comments?post=356569"}],"version-history":[{"count":1,"href":"https:\/\/www.radioluna.it\/news\/wp-json\/wp\/v2\/posts\/356569\/revisions"}],"predecessor-version":[{"id":356579,"href":"https:\/\/www.radioluna.it\/news\/wp-json\/wp\/v2\/posts\/356569\/revisions\/356579"}],"wp:featuredmedia":[{"embeddable":true,"href":"https:\/\/www.radioluna.it\/news\/wp-json\/wp\/v2\/media\/356576"}],"wp:attachment":[{"href":"https:\/\/www.radioluna.it\/news\/wp-json\/wp\/v2\/media?parent=356569"}],"wp:term":[{"taxonomy":"category","embeddable":true,"href":"https:\/\/www.radioluna.it\/news\/wp-json\/wp\/v2\/categories?post=356569"},{"taxonomy":"post_tag","embeddable":true,"href":"https:\/\/www.radioluna.it\/news\/wp-json\/wp\/v2\/tags?post=356569"}],"curies":[{"name":"wp","href":"https:\/\/api.w.org\/{rel}","templated":true}]}}