{"id":356584,"date":"2024-07-17T12:15:32","date_gmt":"2024-07-17T10:15:32","guid":{"rendered":"https:\/\/www.radioluna.it\/news\/?p=356584"},"modified":"2024-07-17T12:11:50","modified_gmt":"2024-07-17T10:11:50","slug":"incendio-alla-farla-lbc-gestione-lacunosa-dellemergenza","status":"publish","type":"post","link":"https:\/\/www.radioluna.it\/news\/2024\/07\/incendio-alla-farla-lbc-gestione-lacunosa-dellemergenza\/","title":{"rendered":"Incendio alla Farla, Lbc: &#8220;Gestione lacunosa dell&#8217;emergenza&#8221;"},"content":{"rendered":"<div id=\"fb-root\"><\/div>\n<p style=\"text-align: justify;\"><strong>LATINA<\/strong> &#8211; <strong>A 36 ore dall&#8217;incendio che ha distrutto la Farla<\/strong>, Lbc critica il Comune definendo lacunosa la gestione dell&#8217;emergenza. \u201cA Latina \u00e8 andato a fuoco un sito di logistica che gestisce farmaci. Ma per molte ore nessuno \u00e8 stato informato. La comunicazione \u00e8 stata tardiva e lacunosa, nonostante si fosse chiaramente di fronte a un\u2019emergenza che andava gestita con tutte le cautele del caso\u201d, scrive in una nota l\u2019<strong>ex sindaco Damiano Coletta<\/strong>, sollevando dubbi e ponendo domande:\u00a0 \u201cCome mai \u2013 continua Coletta \u2013 in una situazione come questa <strong>non \u00e8 stato aperto tempestivamente il Coc- Centro operativo comunale<\/strong>? Perch\u00e9 il piano comunale non \u00e8 aggiornato e non prevede chi fa cosa in presenza di questi scenari? Perch\u00e9 intorno al tavolo del Coc, se anche fosse stato aperto, non ci sono funzionari designati e perch\u00e9 il Comune non ha coordinato la protezione civile con sette gruppi in convenzione? Certo \u00e8 pi\u00f9 facile tagliare nastri sul lavoro fatto da altri e non \u00e8 facile coordinare tavoli di emergenza, ma il lavoro di un sindaco \u00e8 anche questo: tutelare la salute dei cittadini. E in certe situazione deve stare sul pezzo ed essere presente. Credo sia stato veramente inopportuno vedere le foto della sindaca alla festa della Mietitura mentre poco distante si viveva una situazione di cos\u00ec grave emergenza. Le nostre associazioni di Protezione civile \u2013 aggiunge &#8211; durante la pandemia hanno dimostrato il loro valore e la loro competenza, ma se non c\u2019\u00e8 un coordinamento che li metta in grado di operare si vanifica ogni sforzo. Ci auguriamo che la scarsa tempestivit\u00e0 dimostrata dall\u2019amministrazione in questa circostanza sia stata un incidente di percorso e che si corra subito ai ripari. Nelle emergenze la macchina amministrativa deve funzionare meglio. E pu\u00f2 farlo, se adeguatamente coordinata, come accaduto del resto con il Covid, l\u2019emergenza pi\u00f9 grande mai gestita\u201d.<\/p>\n<p style=\"text-align: justify;\">\u201cNei piani di emergenza qualcosa \u00e8 mancato \u2013 sottolinea che <strong>la segretaria di Lbc Elettra Ortu La Barbera<\/strong> \u2013 A partire dalla prima comunicazione, comparsa tra l\u2019altro solo sui canali social, in cui si rassicurava la popolazione escludendo danni per la salute, in quanto il rogo aveva interessato solo materiali di carta. Una comunicazione che \u00e8 stata poi smentita dai fatti, cinque ore pi\u00f9 tardi. Mentre i cittadini continuavano a non sapere cosa fosse accaduto si cominciava ad avvertire un forte odore di bruciato e plastica in tutta la citt\u00e0, \u00e8 arrivata di notte una prima ordinanza, all\u2019indomani una seconda integrazione e poi una terza, pi\u00f9 completa, in cui si invitava la popolazione a usare ancora maggiori cautele. Di dubbi ne restano per\u00f2 ancora molti. In attesa dei dati che sar\u00e0 l\u2019Arpa a fornire, <strong>ci chiediamo se<\/strong> <strong>l\u2019amministrazione abbia predisposto adeguate misure di sicurezza per il Mol<\/strong>, il mercato ortofrutticolo che si trova proprio a poca distanza dal luogo dell\u2019incendio, per lo stesso mercato settimanale, che la mattina successiva si \u00e8 regolarmente tenuto con l\u2019esposizione di prodotti alimentari. E poi per gli anziani, i fragili, le famiglie e i bambini che vivono a pochi passi dallo stabilimento, all\u2019ex Rossi Sud, che per la sindaca sono \u2018cittadini come gli altri\u2019 ma da due anni sono in una situazione di promiscuit\u00e0 all\u2019interno di un capannone. Sono state adeguatamente informate queste persone o si \u00e8 contato sul fatto che leggessero i social?\u201d.<\/p>\n","protected":false},"excerpt":{"rendered":"<p>LATINA &#8211; A 36 ore dall&#8217;incendio che ha distrutto la Farla, Lbc critica il Comune definendo lacunosa la gestione dell&#8217;emergenza. \u201cA Latina \u00e8 andato a fuoco un sito di logistica che gestisce farmaci. Ma per molte ore nessuno \u00e8 stato informato. La comunicazione \u00e8 stata tardiva e lacunosa, nonostante si fosse chiaramente di fronte a [&hellip;]<\/p>\n","protected":false},"author":60,"featured_media":342777,"comment_status":"open","ping_status":"open","sticky":false,"template":"","format":"standard","meta":{"footnotes":""},"categories":[7,2428],"tags":[],"class_list":["post-356584","post","type-post","status-publish","format-standard","has-post-thumbnail","hentry","category-cronaca","category-primo-piano"],"_links":{"self":[{"href":"https:\/\/www.radioluna.it\/news\/wp-json\/wp\/v2\/posts\/356584","targetHints":{"allow":["GET"]}}],"collection":[{"href":"https:\/\/www.radioluna.it\/news\/wp-json\/wp\/v2\/posts"}],"about":[{"href":"https:\/\/www.radioluna.it\/news\/wp-json\/wp\/v2\/types\/post"}],"author":[{"embeddable":true,"href":"https:\/\/www.radioluna.it\/news\/wp-json\/wp\/v2\/users\/60"}],"replies":[{"embeddable":true,"href":"https:\/\/www.radioluna.it\/news\/wp-json\/wp\/v2\/comments?post=356584"}],"version-history":[{"count":1,"href":"https:\/\/www.radioluna.it\/news\/wp-json\/wp\/v2\/posts\/356584\/revisions"}],"predecessor-version":[{"id":356585,"href":"https:\/\/www.radioluna.it\/news\/wp-json\/wp\/v2\/posts\/356584\/revisions\/356585"}],"wp:featuredmedia":[{"embeddable":true,"href":"https:\/\/www.radioluna.it\/news\/wp-json\/wp\/v2\/media\/342777"}],"wp:attachment":[{"href":"https:\/\/www.radioluna.it\/news\/wp-json\/wp\/v2\/media?parent=356584"}],"wp:term":[{"taxonomy":"category","embeddable":true,"href":"https:\/\/www.radioluna.it\/news\/wp-json\/wp\/v2\/categories?post=356584"},{"taxonomy":"post_tag","embeddable":true,"href":"https:\/\/www.radioluna.it\/news\/wp-json\/wp\/v2\/tags?post=356584"}],"curies":[{"name":"wp","href":"https:\/\/api.w.org\/{rel}","templated":true}]}}