{"id":356676,"date":"2024-07-18T18:23:35","date_gmt":"2024-07-18T16:23:35","guid":{"rendered":"https:\/\/www.radioluna.it\/news\/?p=356676"},"modified":"2024-07-18T18:23:35","modified_gmt":"2024-07-18T16:23:35","slug":"partita-da-gaeta-la-vela-latina-per-la-pace","status":"publish","type":"post","link":"https:\/\/www.radioluna.it\/news\/2024\/07\/partita-da-gaeta-la-vela-latina-per-la-pace\/","title":{"rendered":"Partita da Gaeta la vela latina per la pace"},"content":{"rendered":"<div id=\"fb-root\"><\/div>\n<p style=\"text-align: justify;\"><strong>GAETA &#8211;\u00a0 <\/strong>E&#8217; salpata da Gaeta oggi la vela latina per la pace, l\u2019imbarcazione che attraverser\u00e0 il Mediterraneo per portare il suo messaggio. Dopo la benedizione dell\u2019imbarcazione e dell\u2019equipaggio da parte dell\u2019Arcivescovo di Gaeta, Mons. Luigi Vari, che ha celebrato una Santa Messa per i marinai presso la Cappella d\u2019Oro, alla presenza, tra gli altri, anche del Dr. Nader Akkad Imam del Centro Islamico Culturale d\u2019Italia &#8211; Grande Moschea di Roma, c\u2019\u00e8 stata la cerimonia ufficiale. L\u2019iniziativa, realizzata con il fondamentale sostegno di Camera di Commercio Latina Frosinone, Azienda Speciale Informare, Blue Forum e con la collaborazione del Comune di Gaeta, \u00e8 promossa dall\u2019Associazione Hormiae Mare Nostrum.<\/p>\n<p style=\"text-align: justify;\">Sul molo Santa Maria, alla presenza delle istituzioni e della autorit\u00e0 civili e militari, il Presidente della Camera di Commercio Frosinone Latina e di Assonautica Italiana, Giovanni Acampora, ha commentato: \u201cFin dall\u2019inizio abbiamo creduto in questo progetto, presentato per la prima volta al Blue Forum di Gaeta, che \u00e8 stato reso possibile anche grazie all\u2019importante contributo fornito attraverso l\u2019Azienda Speciale Informare. Un\u2019iniziativa realizzata con coraggio, passione, orgoglio e tenacia, insieme al Comandante Giovanni Di Russo e al Sindaco di Gaeta Cristian Leccese, con spirito di coesione e sinergia; le carte vincenti per superare gli ostacoli in un momento storico, segnato da tensioni e conflitti, come quello che stiamo attraversando. Un\u2019iniziativa che ha trovato il pieno sostegno anche del Ministro Musumeci, che nei giorni scorsi ha consegnato personalmente il Tricolore che \u00e8 stato issato sul pennone della vela latina; cos\u00ec come quello dell\u2019Ambasciatore della Tunisia, Mourad Bourehla, che ha invece consegnato la bandiera tunisina. Sar\u00e0 un viaggio bellissimo. La vela che ha dominato i mari negli ultimi mille anni, permettendo scambi culturali e commerciali e facendo s\u00ec che si affermasse la nostra identit\u00e0 di Nazione di mare, porter\u00e0 un messaggio di pace e unione tra i popoli del quale oggi pi\u00f9 che mai abbiamo bisogno. Al comandante Di Russo che oggi corona un sogno condiviso e a tutto il suo equipaggio, auguro Buon Vento!\u201d.<\/p>\n<p style=\"text-align: justify;\">\u00a0\u201cVoglio ringraziare il Comandante Di Russo e il Presidente Acampora. Questa \u00e8 un\u2019iniziativa non simbolica ma concreta &#8211; ha aggiunto il Sindaco di Gaeta, Cristian Leccese &#8211;\u00a0 La societ\u00e0 nella quale viviamo continua a seminare rancore raccogliendo solo odio, ne \u00e8 la prova tutto quello che sta accadendo alle porte dell\u2019Europa e noi abbiamo il dovere morale di sovvertire questo scenario, seminando amore e raccogliendo speranza. \u00c8 questo che far\u00e0 la vela latina con il suo viaggio, piantando un seme che avremo il compito di coltivare per le nuove generazioni. Il viaggio parte da Gaeta, la nostra citt\u00e0, che vanta una lunga tradizione di libert\u00e0, democrazia e accoglienza. Voglio ringraziare tutti coloro che hanno reso possibile questa iniziativa, anche dal punto di vista pratico, quindi la Capitaneria di Porto e la Guardia di Finanza che consentiranno alla vela latina di attraversare il Mediterraneo in sicurezza\u201d.<\/p>\n<p style=\"text-align: justify;\">Commosso il Comandante Giovanni Di Russo: \u201cQuesto viaggio \u00e8 stato reso possibile da otto mesi di lavoro in sinergia con tutte le forze che hanno sposato l\u2019iniziativa e che oggi voglio ringraziare. Abbiamo il sostegno del Ministro Musumeci; del Papa, che ci ha inviato un messaggio; del Quirinale, che proprio ieri ci ha contattati manifestando la vicinanza del Presidente della Repubblica. Utilizzeremo per questo viaggio una barca a vela latina quale messaggera di pace. Con la sola forza del vento navigheremo giorno e notte per oltre 500 miglia per raggiungere prima l\u2019isola di Ventotene, poi le coste tunisine, per poi concludere la traversata proprio nella porta d\u2019Europa, Lampedusa. Giunti in Tunisia, consegneremo alle Autorit\u00e0, in rappresentanza dei popoli del Nord Africa, un messaggio di Pace redatto dal Santo Padre\u201d. \u2013 Di Russo ha poi letto ai presenti le parole del Papa dedicate al viaggio della vela latina per la pace.<\/p>\n<p style=\"text-align: justify;\">Il mare come risorsa, come onere e onore, ha concluso\u00a0 Antonello Testa, coordinatore dell\u2019Osservatorio Nazionale sull\u2019Economia del Mare Ossermare e Consigliere delegato di Informare, nell\u2019augurare Buon vento all\u2019equipaggio: \u201cIl mar Mediterraneo ricopre solo l\u20191% della superficie di tutti gli oceani ma allo stesso tempo da qui passa il 20% di tutto il traffico marittimo mondiale e il 30% del traffico petrolifero. \u00c8 chiaro il primato che assume nella geoeconomia mondiale e, in questo contesto, non pu\u00f2 che essere evidenziata la posizione geografica dell\u2019Italia all\u2019interno del Mediterraneo &#8211; che la configura come un hub naturale &#8211; dandoci allo stesso tempo l\u2019onere e l\u2019onore di porci al centro di tutte le dinamiche che lo riguardano. Spero che questo messaggio di pace riesca a sensibilizzare ed unire tutti i popoli\u201d.<\/p>\n<p>L\u2019iniziativa ha trovato il pieno sostegno anche della Regione Lazio. Per l\u2019Assessore Elena Palazzo \u00e8 infatti intervenuta Ilenia Cardogna che, in qualit\u00e0 di sua portavoce, ha sottolineato l\u2019importanza del viaggio della vela latina che \u201cassume un valore di unione tra i popoli, aprendosi a tutto ed a tutti\u201d.<\/p>\n<p>Ad augurare Buon Vento all\u2019equipaggio del Comandante Di Russo anche il Comandante della Capitaneria di Porto di Gaeta, Biagio Sciarra; il Tenente Colonnello della Guardia di Finanza, Luigi Galluccio, che ha portato i saluti del Comando provinciale di Latina e del Col. Giovanni Marchetti.<\/p>\n<p>Dopo il brindisi di buon auspicio, la vela latina \u00e8 salpata dal molo Santa Maria di Gaeta alla volta di Cartagine, in Tunisia, dove arriver\u00e0 il 27 luglio dopo un paio di importanti soste. La prima sar\u00e0 a Ventotene, l\u2019isola da cui emigr\u00f2 il maestro d\u2019ascia che quella barca l\u2019ha realizzata in un cantiere di Stintino. La seconda tappa sar\u00e0 a Favignana per prelevare la corona di fiori che la Capitaneria di Porto consegner\u00e0 all\u2019equipaggio di Hormiae che la getter\u00e0 in mare nel punto pi\u00f9 stretto del Canale di Sicilia, in segno di pietas e solidariet\u00e0 ai migranti morti per raggiungere un luogo migliore. La piccola barca nel suo viaggio potr\u00e0 contare sul gigante \u201cFra Diavolo\u201d. Si daranno il cambio nell\u2019equipaggio Giovanni Di Russo, Mohamed Mrad, Vincenzo Addessi, Ciro Esposito, Massimiliano De Meo, Gianluca Di Fazio, Luca Simeone, Massimiliano De Meo, Francesco Campana.<\/p>\n<p>&nbsp;<\/p>\n<p>&nbsp;<\/p>\n","protected":false},"excerpt":{"rendered":"<p>GAETA &#8211;\u00a0 E&#8217; salpata da Gaeta oggi la vela latina per la pace, l\u2019imbarcazione che attraverser\u00e0 il Mediterraneo per portare il suo messaggio. Dopo la benedizione dell\u2019imbarcazione e dell\u2019equipaggio da parte dell\u2019Arcivescovo di Gaeta, Mons. Luigi Vari, che ha celebrato una Santa Messa per i marinai presso la Cappella d\u2019Oro, alla presenza, tra gli altri, [&hellip;]<\/p>\n","protected":false},"author":60,"featured_media":356678,"comment_status":"open","ping_status":"open","sticky":false,"template":"","format":"gallery","meta":{"footnotes":""},"categories":[16,734],"tags":[],"class_list":["post-356676","post","type-post","status-publish","format-gallery","has-post-thumbnail","hentry","category-appuntamenti","category-evidenza","post_format-post-format-gallery"],"_links":{"self":[{"href":"https:\/\/www.radioluna.it\/news\/wp-json\/wp\/v2\/posts\/356676","targetHints":{"allow":["GET"]}}],"collection":[{"href":"https:\/\/www.radioluna.it\/news\/wp-json\/wp\/v2\/posts"}],"about":[{"href":"https:\/\/www.radioluna.it\/news\/wp-json\/wp\/v2\/types\/post"}],"author":[{"embeddable":true,"href":"https:\/\/www.radioluna.it\/news\/wp-json\/wp\/v2\/users\/60"}],"replies":[{"embeddable":true,"href":"https:\/\/www.radioluna.it\/news\/wp-json\/wp\/v2\/comments?post=356676"}],"version-history":[{"count":1,"href":"https:\/\/www.radioluna.it\/news\/wp-json\/wp\/v2\/posts\/356676\/revisions"}],"predecessor-version":[{"id":356679,"href":"https:\/\/www.radioluna.it\/news\/wp-json\/wp\/v2\/posts\/356676\/revisions\/356679"}],"wp:featuredmedia":[{"embeddable":true,"href":"https:\/\/www.radioluna.it\/news\/wp-json\/wp\/v2\/media\/356678"}],"wp:attachment":[{"href":"https:\/\/www.radioluna.it\/news\/wp-json\/wp\/v2\/media?parent=356676"}],"wp:term":[{"taxonomy":"category","embeddable":true,"href":"https:\/\/www.radioluna.it\/news\/wp-json\/wp\/v2\/categories?post=356676"},{"taxonomy":"post_tag","embeddable":true,"href":"https:\/\/www.radioluna.it\/news\/wp-json\/wp\/v2\/tags?post=356676"}],"curies":[{"name":"wp","href":"https:\/\/api.w.org\/{rel}","templated":true}]}}