{"id":356761,"date":"2024-07-19T14:27:13","date_gmt":"2024-07-19T12:27:13","guid":{"rendered":"https:\/\/www.radioluna.it\/news\/?p=356761"},"modified":"2024-07-19T14:27:13","modified_gmt":"2024-07-19T12:27:13","slug":"a-sabaudia-torna-la-rassegna-mediterranea","status":"publish","type":"post","link":"https:\/\/www.radioluna.it\/news\/2024\/07\/a-sabaudia-torna-la-rassegna-mediterranea\/","title":{"rendered":"A Sabaudia torna la rassegna Mediterranea"},"content":{"rendered":"<div id=\"fb-root\"><\/div>\n<p><strong>SABAUDIA &#8211;<\/strong> Per tutto il mese di agosto Mediterranea vedr\u00e0 la partecipazione e gli interventi di personalit\u00e0 della politica, della cultura, dell&#8217;economia e del giornalismo, che si alterneranno in dibattiti ed eventi.<\/p>\n<p>Tra i protagonisti che si avvicenderanno sul palco della manifestazione nella storica localit\u00e0 della costa laziale: Antonio Tajani, Matteo Salvini, Orazio Schillaci, Matteo Piantedosi, Francesco Paolo Sisto, viceministro alla Giustizia, Giuseppe Santalucia, presidente ANM, Alessio Butti, Sottosegretario all\u2019Innovazione Tecnologica e Transazione Digitale; Elisabetta Belloni, Direttore Generale DIS; Filippo Patroni Griffi, Giudice Corte Costituzionale; Alessandra Priante, Presidente Enit; Massimo Comparini, Amministratore Delegato Thales Alenia Space Italia.<\/p>\n<p>\u201cQuesta quarta edizione \u00e8 particolarmente importante alla luce dell\u2019attuale dibattito politico in Italia e in Europa . Con Mediterranea vogliamo offrire momenti di riflessione per riprendere fiato dopo un inizio estivo molto serrato occupato dalle elezioni europee e un G7 italiano tutt\u2019altro che sottotono. L\u2019autunno sar\u00e0 ancora pi\u00f9 impegnativo per l\u2019economia, le riforme, la sanit\u00e0 e l\u2019innovazione e vorremmo che Mediterranea rendesse pi\u00f9 facile il confronto politico e sociale\u201d, cos\u00ec Erminio Fragassa, ideatore di Mediterranea e presidente della societ\u00e0 Micromegas che organizza e produce l\u2019evento.<\/p>\n<p>Molti i temi che saranno affrontati nel corso delle serate moderate da Andrea Pancani, vicedirettore del Tg La7. \u201cL\u2019edizione di quest\u2019estate cade subito dopo le elezione Europee, prima di quelle americane e nel pieno di due guerre e dei nuovi equilibri geopolitici e di geosicurezza, con la crisi climatica e la sfida dell\u2019Intelligenza artificiale, tutti temi che si riverberano sulla politica e sull\u2019economia di casa nostra. Per questo sar\u00e0 prezioso parlarne con i diretti protagonisti davanti ad una platea, negli anni sempre crescente, di cittadini e turisti attenti al mondo che ci circonda\u201d.<\/p>\n<p>Il 3 agosto, inoltre, torna il Premio Catrical\u00e0, appuntamento anche questo arrivato alla sua quarta edizione, in memoria di Antonio Catrical\u00e0, figura di grande servitore dello stato che si \u00e8 contraddistinto in molti ruoli istituzionali in settori cruciali dello Stato. I premiati di questa edizione saranno l\u2019Ambasciatrice Elisabetta Belloni (Direttore Generale DIS) e Filippo Patroni Griffi (Giudice Corte Costituzionale).<\/p>\n","protected":false},"excerpt":{"rendered":"<p>SABAUDIA &#8211; Per tutto il mese di agosto Mediterranea vedr\u00e0 la partecipazione e gli interventi di personalit\u00e0 della politica, della cultura, dell&#8217;economia e del giornalismo, che si alterneranno in dibattiti ed eventi. Tra i protagonisti che si avvicenderanno sul palco della manifestazione nella storica localit\u00e0 della costa laziale: Antonio Tajani, Matteo Salvini, Orazio Schillaci, Matteo [&hellip;]<\/p>\n","protected":false},"author":60,"featured_media":336340,"comment_status":"open","ping_status":"open","sticky":false,"template":"","format":"standard","meta":{"footnotes":""},"categories":[16,734],"tags":[],"class_list":["post-356761","post","type-post","status-publish","format-standard","has-post-thumbnail","hentry","category-appuntamenti","category-evidenza"],"_links":{"self":[{"href":"https:\/\/www.radioluna.it\/news\/wp-json\/wp\/v2\/posts\/356761","targetHints":{"allow":["GET"]}}],"collection":[{"href":"https:\/\/www.radioluna.it\/news\/wp-json\/wp\/v2\/posts"}],"about":[{"href":"https:\/\/www.radioluna.it\/news\/wp-json\/wp\/v2\/types\/post"}],"author":[{"embeddable":true,"href":"https:\/\/www.radioluna.it\/news\/wp-json\/wp\/v2\/users\/60"}],"replies":[{"embeddable":true,"href":"https:\/\/www.radioluna.it\/news\/wp-json\/wp\/v2\/comments?post=356761"}],"version-history":[{"count":0,"href":"https:\/\/www.radioluna.it\/news\/wp-json\/wp\/v2\/posts\/356761\/revisions"}],"wp:featuredmedia":[{"embeddable":true,"href":"https:\/\/www.radioluna.it\/news\/wp-json\/wp\/v2\/media\/336340"}],"wp:attachment":[{"href":"https:\/\/www.radioluna.it\/news\/wp-json\/wp\/v2\/media?parent=356761"}],"wp:term":[{"taxonomy":"category","embeddable":true,"href":"https:\/\/www.radioluna.it\/news\/wp-json\/wp\/v2\/categories?post=356761"},{"taxonomy":"post_tag","embeddable":true,"href":"https:\/\/www.radioluna.it\/news\/wp-json\/wp\/v2\/tags?post=356761"}],"curies":[{"name":"wp","href":"https:\/\/api.w.org\/{rel}","templated":true}]}}