{"id":356773,"date":"2024-07-19T16:00:22","date_gmt":"2024-07-19T14:00:22","guid":{"rendered":"https:\/\/www.radioluna.it\/news\/?p=356773"},"modified":"2024-07-19T17:11:22","modified_gmt":"2024-07-19T15:11:22","slug":"sezze-in-arrivo-quasi-150mila-euro-per-le-isole-ecologiche-informatizzate","status":"publish","type":"post","link":"https:\/\/www.radioluna.it\/news\/2024\/07\/sezze-in-arrivo-quasi-150mila-euro-per-le-isole-ecologiche-informatizzate\/","title":{"rendered":"Sezze, in arrivo quasi 150mila euro per le isole ecologiche informatizzate"},"content":{"rendered":"<div id=\"fb-root\"><\/div>\n<p style=\"text-align: justify;\"><strong>SEZZE &#8211;<\/strong> Arrivano ottime notizie per il Comune di Sezze sul fronte della raccolta differenziata. Il progetto presentato per la realizzazione di 3 isole ecologiche informatizzate, infatti, \u00e8 stato accolto positivamente dalla Regione Lazio, che ha concesso il finanziamento. Il totale dell\u2019intervento sar\u00e0 di 147.766,40 euro, quasi 133mila che saranno finanziati dalla Regione, mentre il 10%, poco pi\u00f9 di 14mila euro, saranno appannaggio dello stesso Comune di Sezze. Nel dettaglio, il progetto redatto dal competente ufficio del Comune di Sezze prevede l\u2019installazione di 3 eco-isole nell\u2019area del centro storico su aree comunali. Le isole ecologiche intelligenti consentiranno di integrare e migliora la raccolta domiciliare con un sistema di raccolta stradale di nuova generazione, i cui benefici possono essere riassunti in una riduzione della produzione di rifiuti alla fonte, un aumento della percentuale di raccolta differenziata ottenibile, il contenimento delle emissioni di CO2 legato al movimento dei mezzi di raccolta, la riduzione del fenomeno degli abbandoni di rifiuti grazie alla possibilit\u00e0 di conferimento diretto da parte delle utenze, un miglioramento del decoro urbano e una facilitazione nell\u2019applicazione della Tariffazione Puntuale in virt\u00f9 della quale il cittadino paga in base alla quantit\u00e0 di rifiuti conferiti e ai servizi richiesti: \u201cSi tratta \u2013 ha spiegato non nascondendo la propria soddisfazione il sindaco di Sezze, Lidano Lucidi \u2013 di una notizia importante che certifica la bont\u00e0 delle scelte politiche che questa amministrazione ha messo in campo su un tema delicato e complesso come quello dei rifiuti. Sar\u00e0 un nuovo cambio di passo per raggiungere quote importanti sulla raccolta differenziata e ci potr\u00e0 permettere di abbassare le tariffe per i cittadini ed avere una citt\u00e0 ancora pi\u00f9 pulita\u201d. Soddisfazione \u00e8 stata espressa anche da Antonio Ottaviani, amministratore unico della Servizi Pubblici Locali Sezze, che si occupa del servizio di raccolta differenziata in citt\u00e0: \u201cPrima l\u2019eliminazione definitiva dei cassonetti stradali \u2013 ha spiegato l\u2019amministratore della Spl \u2013 che, unit\u00e0 alla distribuzione dei mastelli, ci ha permesso di aumentare la percentuale di raccolta differenziata. Adesso un nuovo step per aumentare l\u2019efficacia del servizio in una zona come quella del centro storico, che in passato ha creato diversi problematiche e che adesso possiamo risolvere potendo contare su un sistema di identificazione dell\u2019utenza tramite lettore QRcode, bar-code e barra magnetica, che inoltre \u00e8 esteticamente apprezzabile, caratterizzato da un impatto visivo gradevole, che si pu\u00f2 facilmente igienizzare e manutenere\u201d.<\/p>\n","protected":false},"excerpt":{"rendered":"<p>SEZZE &#8211; Arrivano ottime notizie per il Comune di Sezze sul fronte della raccolta differenziata. Il progetto presentato per la realizzazione di 3 isole ecologiche informatizzate, infatti, \u00e8 stato accolto positivamente dalla Regione Lazio, che ha concesso il finanziamento. Il totale dell\u2019intervento sar\u00e0 di 147.766,40 euro, quasi 133mila che saranno finanziati dalla Regione, mentre il [&hellip;]<\/p>\n","protected":false},"author":60,"featured_media":274178,"comment_status":"open","ping_status":"open","sticky":false,"template":"","format":"standard","meta":{"footnotes":""},"categories":[735,7],"tags":[],"class_list":["post-356773","post","type-post","status-publish","format-standard","has-post-thumbnail","hentry","category-attualita","category-cronaca"],"_links":{"self":[{"href":"https:\/\/www.radioluna.it\/news\/wp-json\/wp\/v2\/posts\/356773","targetHints":{"allow":["GET"]}}],"collection":[{"href":"https:\/\/www.radioluna.it\/news\/wp-json\/wp\/v2\/posts"}],"about":[{"href":"https:\/\/www.radioluna.it\/news\/wp-json\/wp\/v2\/types\/post"}],"author":[{"embeddable":true,"href":"https:\/\/www.radioluna.it\/news\/wp-json\/wp\/v2\/users\/60"}],"replies":[{"embeddable":true,"href":"https:\/\/www.radioluna.it\/news\/wp-json\/wp\/v2\/comments?post=356773"}],"version-history":[{"count":0,"href":"https:\/\/www.radioluna.it\/news\/wp-json\/wp\/v2\/posts\/356773\/revisions"}],"wp:featuredmedia":[{"embeddable":true,"href":"https:\/\/www.radioluna.it\/news\/wp-json\/wp\/v2\/media\/274178"}],"wp:attachment":[{"href":"https:\/\/www.radioluna.it\/news\/wp-json\/wp\/v2\/media?parent=356773"}],"wp:term":[{"taxonomy":"category","embeddable":true,"href":"https:\/\/www.radioluna.it\/news\/wp-json\/wp\/v2\/categories?post=356773"},{"taxonomy":"post_tag","embeddable":true,"href":"https:\/\/www.radioluna.it\/news\/wp-json\/wp\/v2\/tags?post=356773"}],"curies":[{"name":"wp","href":"https:\/\/api.w.org\/{rel}","templated":true}]}}