{"id":356792,"date":"2024-07-20T14:10:05","date_gmt":"2024-07-20T12:10:05","guid":{"rendered":"https:\/\/www.radioluna.it\/news\/?p=356792"},"modified":"2024-07-23T09:04:50","modified_gmt":"2024-07-23T07:04:50","slug":"cori-lultimo-saluto-a-christian-e-alice","status":"publish","type":"post","link":"https:\/\/www.radioluna.it\/news\/2024\/07\/cori-lultimo-saluto-a-christian-e-alice\/","title":{"rendered":"Cori, l&#8217;ultimo saluto a Christian e Alice"},"content":{"rendered":"<div id=\"fb-root\"><\/div>\n<p style=\"text-align: justify;\">CORI &#8211; Oggi \u00e8 il giorno del lutto cittadino a Cori in segno di cordoglio per la morte di Alice Carconi e Christian Spirito, i due ragazzi di 14 e 17 anni morti in seguito ad un terribile incidente stradale avvenuto nei giorni scorsi sulla provinciale Cori-Giulianello, un frontale in moto che non ha lasciato scampo neanche a Enzo Marchetti, 46enne di Sezze. Dopo le due fiaccolate con cui le comunit\u00e0 di Giulianello e Cori hanno voluto rendere omaggio al ricordo dei due giovani, oggi pomeriggio la citt\u00e0 si fermer\u00e0 alle 18.30 per la celebrazione dei funerali. Il sindaco De Lillis ha firmato il decreto che proclama il lutto cittadino con bandiere a mezz\u2019asta e serrande abbassate. Il Comune ha deciso di mettere a disposizione il centro sportivo di Stoza per raccogliere tutti coloro che vorranno dare l\u2019ultimo saluto ad Alice e Christian.<\/p>\n","protected":false},"excerpt":{"rendered":"<p>CORI &#8211; Oggi \u00e8 il giorno del lutto cittadino a Cori in segno di cordoglio per la morte di Alice Carconi e Christian Spirito, i due ragazzi di 14 e 17 anni morti in seguito ad un terribile incidente stradale avvenuto nei giorni scorsi sulla provinciale Cori-Giulianello, un frontale in moto che non ha lasciato [&hellip;]<\/p>\n","protected":false},"author":60,"featured_media":356576,"comment_status":"open","ping_status":"open","sticky":false,"template":"","format":"standard","meta":{"footnotes":""},"categories":[7,2428],"tags":[],"class_list":["post-356792","post","type-post","status-publish","format-standard","has-post-thumbnail","hentry","category-cronaca","category-primo-piano"],"_links":{"self":[{"href":"https:\/\/www.radioluna.it\/news\/wp-json\/wp\/v2\/posts\/356792","targetHints":{"allow":["GET"]}}],"collection":[{"href":"https:\/\/www.radioluna.it\/news\/wp-json\/wp\/v2\/posts"}],"about":[{"href":"https:\/\/www.radioluna.it\/news\/wp-json\/wp\/v2\/types\/post"}],"author":[{"embeddable":true,"href":"https:\/\/www.radioluna.it\/news\/wp-json\/wp\/v2\/users\/60"}],"replies":[{"embeddable":true,"href":"https:\/\/www.radioluna.it\/news\/wp-json\/wp\/v2\/comments?post=356792"}],"version-history":[{"count":0,"href":"https:\/\/www.radioluna.it\/news\/wp-json\/wp\/v2\/posts\/356792\/revisions"}],"wp:featuredmedia":[{"embeddable":true,"href":"https:\/\/www.radioluna.it\/news\/wp-json\/wp\/v2\/media\/356576"}],"wp:attachment":[{"href":"https:\/\/www.radioluna.it\/news\/wp-json\/wp\/v2\/media?parent=356792"}],"wp:term":[{"taxonomy":"category","embeddable":true,"href":"https:\/\/www.radioluna.it\/news\/wp-json\/wp\/v2\/categories?post=356792"},{"taxonomy":"post_tag","embeddable":true,"href":"https:\/\/www.radioluna.it\/news\/wp-json\/wp\/v2\/tags?post=356792"}],"curies":[{"name":"wp","href":"https:\/\/api.w.org\/{rel}","templated":true}]}}