{"id":356796,"date":"2024-07-20T14:14:40","date_gmt":"2024-07-20T12:14:40","guid":{"rendered":"https:\/\/www.radioluna.it\/news\/?p=356796"},"modified":"2024-07-20T14:14:40","modified_gmt":"2024-07-20T12:14:40","slug":"festiva-pontino-da-mozart-ad-arvo-part-il-viaggio-musicale-del-violinista-francesco-dorazio-con-giampolo-nuti-al-pianoforte","status":"publish","type":"post","link":"https:\/\/www.radioluna.it\/news\/2024\/07\/festiva-pontino-da-mozart-ad-arvo-part-il-viaggio-musicale-del-violinista-francesco-dorazio-con-giampolo-nuti-al-pianoforte\/","title":{"rendered":"Festiva Pontino, da Mozart ad Arvo P\u00e4rt. Il viaggio musicale del violinista Francesco D\u2019Orazio con Giampolo Nuti al pianoforte"},"content":{"rendered":"<div id=\"fb-root\"><\/div>\n<p style=\"text-align: justify;\"><strong>SERMONETA &#8211;<\/strong> Dopo il concerto itinerante di Giovanni Gnocchi, il weekend del Festival Pontino di Musica si completa domenica 21 luglio con il duo violino e pianoforte formato da Francesco D\u2019Orazio (anche docente ai Corsi di perfezionamento di Sermoneta) e Giampaolo Nuti. Duo artisticamente consolidato e ormai noto al pubblico del Pontino, propone nel concerto al Castello Caetani di Sermoneta (ore 21) un viaggio musicale dal classico al Novecento, dando prova dell\u2019ampio repertorio in cui i due musicisti amano spaziare.<\/p>\n<p style=\"text-align: justify;\">Il concerto si apre con la Sonata in mi minore K 304 per violino e pianoforte di Mozart, composta a Parigi nel 1778, a ventidue anni: in due movimenti (Allegro e Tempo di minuetto) si caratterizza per la purezza melodica e il tono elegiaco. \u00c8 del 1888 la Terza Sonata che Brahms dedic\u00f2 a violino e pianoforte, l\u2019op. 108 in re minore, un lavoro che occup\u00f2 il musicista tedesco per due anni, toccando uno dei vertici della sua produzione, con la grande solidit\u00e0 architettonica e la perfezione dell\u2019elaborazione tematica che ne caratterizzano la scrittura. Al centro del programma Spiegel im spiegel di Arvo P\u00e4rt, scritta nel 1978 e forse fra le composizioni pi\u00f9 famose e fra gli esempi pi\u00f9 chiari dello stile \u201ctintinnabuli\u201d del celebre compositore estone, che nel 2025 festegger\u00e0 novant\u2019anni. Il concerto si chiude con un omaggio alla musica francese di primo Novecento: di Erik Satie Choses vues \u00e0 droite et \u00e0 gauche (sans lunettes) del 1914, unica composizione scritta per violino e pianoforte, \u00e8 una sorta di parodia, fatta con ironia e umorismo, nei riguardi della musica accademica, mentre la Sonata in sol per violino e pianoforte di Maurice Ravel, che ebbe una gestazione molto complessa, scritta nell\u2019arco di quattro anni dal 1923 al \u201927, \u00e8 l\u2019ultima opera di musica da camera del compositore francese che la esegu\u00ec per primo al pianoforte con il grande violinista George\u00a0Enescu cui era dedicata al Conservatorio di Parigi. Ravel si riallacci\u00f2 agli schemi formali della tradizione mitteleuropea, ma dall\u2019altra si apr\u00ec ad aspetti insoliti intitolando\u00a0Blues\u00a0il tempo centrale con l&#8217;impiego di una scrittura di stampo jazzistico.<\/p>\n<p>Biglietti: 10 euro posto unico. Per poter assistere ai concerti del Festival Pontino \u00e8 consigliata la prenotazione via WhatsApp al 329-7540544 oppure via e-mail a biglietteria@campusmusica.it<\/p>\n","protected":false},"excerpt":{"rendered":"<p>SERMONETA &#8211; Dopo il concerto itinerante di Giovanni Gnocchi, il weekend del Festival Pontino di Musica si completa domenica 21 luglio con il duo violino e pianoforte formato da Francesco D\u2019Orazio (anche docente ai Corsi di perfezionamento di Sermoneta) e Giampaolo Nuti. Duo artisticamente consolidato e ormai noto al pubblico del Pontino, propone nel concerto [&hellip;]<\/p>\n","protected":false},"author":60,"featured_media":0,"comment_status":"open","ping_status":"open","sticky":false,"template":"","format":"standard","meta":{"footnotes":""},"categories":[16,734],"tags":[],"class_list":["post-356796","post","type-post","status-publish","format-standard","hentry","category-appuntamenti","category-evidenza"],"_links":{"self":[{"href":"https:\/\/www.radioluna.it\/news\/wp-json\/wp\/v2\/posts\/356796","targetHints":{"allow":["GET"]}}],"collection":[{"href":"https:\/\/www.radioluna.it\/news\/wp-json\/wp\/v2\/posts"}],"about":[{"href":"https:\/\/www.radioluna.it\/news\/wp-json\/wp\/v2\/types\/post"}],"author":[{"embeddable":true,"href":"https:\/\/www.radioluna.it\/news\/wp-json\/wp\/v2\/users\/60"}],"replies":[{"embeddable":true,"href":"https:\/\/www.radioluna.it\/news\/wp-json\/wp\/v2\/comments?post=356796"}],"version-history":[{"count":0,"href":"https:\/\/www.radioluna.it\/news\/wp-json\/wp\/v2\/posts\/356796\/revisions"}],"wp:attachment":[{"href":"https:\/\/www.radioluna.it\/news\/wp-json\/wp\/v2\/media?parent=356796"}],"wp:term":[{"taxonomy":"category","embeddable":true,"href":"https:\/\/www.radioluna.it\/news\/wp-json\/wp\/v2\/categories?post=356796"},{"taxonomy":"post_tag","embeddable":true,"href":"https:\/\/www.radioluna.it\/news\/wp-json\/wp\/v2\/tags?post=356796"}],"curies":[{"name":"wp","href":"https:\/\/api.w.org\/{rel}","templated":true}]}}