{"id":356799,"date":"2024-07-20T14:16:55","date_gmt":"2024-07-20T12:16:55","guid":{"rendered":"https:\/\/www.radioluna.it\/news\/?p=356799"},"modified":"2024-07-23T09:05:17","modified_gmt":"2024-07-23T07:05:17","slug":"varco-moravia-a-sabaudia-resta-chiuso-lo-ha-deciso-il-tar","status":"publish","type":"post","link":"https:\/\/www.radioluna.it\/news\/2024\/07\/varco-moravia-a-sabaudia-resta-chiuso-lo-ha-deciso-il-tar\/","title":{"rendered":"Varco Moravia a Sabaudia resta chiuso. Lo ha deciso il Tar"},"content":{"rendered":"<div id=\"fb-root\"><\/div>\n<p style=\"text-align: justify;\"><strong>SABAUDIA &#8211;<\/strong> Il TAR Sezione staccata di Latina, con Ordinanza del 17 luglio ha accolto la richiesta di sospensiva presentata dalla Societ\u00e0 Oprafin di Roma contro l\u2019Ordinanza con la quale il Sindaco di Sabaudia lo scorso 17 giugno aveva disposto la riapertura del cancello del \u201cVarco Moravia\u201d per consentire ai cittadini di esercitare nuovamente il diritto di libera fruizione del mare e agli organi di pronto soccorso di intervenire rapidamente su quel tratto di spiaggia in caso di emergenza sanitaria.<\/p>\n<p style=\"text-align: justify;\">L\u2019Ordinanza sindacale, oltretutto, era stata adottata in aderenza alla Sentenza del Consiglio di Stato del 2023, con la quale l\u2019alto organo della Magistratura amministrativa aveva indicato la possibilit\u00e0 che l\u2019Ente Locale adottasse una nuova Ordinanza di riapertura del Varco nelle more di varare provvedimenti \u201cordinari\u201d, quali la espropriazione.<\/p>\n<p style=\"text-align: justify;\">\u201cIl Comune di Sabaudia ha fatto tutto ci\u00f2 che doveva per garantire ai cittadini il diritto di accedere liberamente a quel tratto di spiaggia, che da anni \u00e8 precluso per la presenza di recinzioni e ostacoli di vario genere posti in essere da alcuni proprietari delle ville. Ovviamente, pur nel rispetto delle decisioni della Magistratura, continueremo a porre in essere ogni azione amministrativa possibile, perch\u00e9 siamo convinti che questo sia dovere preciso di chi amministra un territorio che non sempre \u00e8 pienamente fruibile da parte della collettivit\u00e0\u201d. Questa \u00e8 stata la prima dichiarazione del Sindaco Alberto Mosca appena appresa la notizia delle decisioni del TAR.<\/p>\n<p style=\"text-align: justify;\">\u201cIl Tar Lazio di Latina ha concesso la sospensiva ritenendo l&#8217;insussistenza del potere di Ordinanza conferito dagli artt. 50 e 54 del T.U.E.L. al Sindaco. Ci\u00f2 in evidente contrasto con quanto lo stesso Tar solo un anno e due mesi or sono a proposito della stessa faccenda dell&#8217;apertura del Varco Moravia, decise. La scarna motivazione nulla riferisce circa i requisiti di necessit\u00e0 ed urgenza concernenti i soccorsi; la salvaguardia della macchia mediterranea e delle dune (come ci chiede la normativa e la Regione Lazio). Requisiti tutti riconosciuti nella Sentenza n. 183\/23 dello stesso Tar, confermata dal Consiglio di Stato recentemente. L&#8217;Ordinanza ha stabilito anche la sussistenza del requisito del periculum in mora (sostanzialmente il pericolo di furti con il cancello aperto) che aveva invece escluso categoricamente con la Sentenza del 2023 e non provata da parte ricorrente. Non ha fatto alcun riferimento alla possibilit\u00e0 sancita dal Consiglio di Stato con la predetta Sentenza che il Sindaco possa rideterminarsi con nuovi ordini di riapertura e n\u00e9 alla circostanza che il Comune di Sabaudia, con delibera consiliare del 2023, abbia iniziato la procedura amministrativa ordinaria per l&#8217;acquisizione del detto varco Moravia.\u00a0 Stiamo valutando la possibilit\u00e0 dell&#8217;appello cautelare\u201d. Queste le dichiarazioni dell\u2019Avvocato Enrico Cellini, difensore dell\u2019Ente Locale.<\/p>\n","protected":false},"excerpt":{"rendered":"<p>SABAUDIA &#8211; Il TAR Sezione staccata di Latina, con Ordinanza del 17 luglio ha accolto la richiesta di sospensiva presentata dalla Societ\u00e0 Oprafin di Roma contro l\u2019Ordinanza con la quale il Sindaco di Sabaudia lo scorso 17 giugno aveva disposto la riapertura del cancello del \u201cVarco Moravia\u201d per consentire ai cittadini di esercitare nuovamente il [&hellip;]<\/p>\n","protected":false},"author":60,"featured_media":0,"comment_status":"open","ping_status":"open","sticky":false,"template":"","format":"standard","meta":{"footnotes":""},"categories":[7,2428],"tags":[],"class_list":["post-356799","post","type-post","status-publish","format-standard","hentry","category-cronaca","category-primo-piano"],"_links":{"self":[{"href":"https:\/\/www.radioluna.it\/news\/wp-json\/wp\/v2\/posts\/356799","targetHints":{"allow":["GET"]}}],"collection":[{"href":"https:\/\/www.radioluna.it\/news\/wp-json\/wp\/v2\/posts"}],"about":[{"href":"https:\/\/www.radioluna.it\/news\/wp-json\/wp\/v2\/types\/post"}],"author":[{"embeddable":true,"href":"https:\/\/www.radioluna.it\/news\/wp-json\/wp\/v2\/users\/60"}],"replies":[{"embeddable":true,"href":"https:\/\/www.radioluna.it\/news\/wp-json\/wp\/v2\/comments?post=356799"}],"version-history":[{"count":0,"href":"https:\/\/www.radioluna.it\/news\/wp-json\/wp\/v2\/posts\/356799\/revisions"}],"wp:attachment":[{"href":"https:\/\/www.radioluna.it\/news\/wp-json\/wp\/v2\/media?parent=356799"}],"wp:term":[{"taxonomy":"category","embeddable":true,"href":"https:\/\/www.radioluna.it\/news\/wp-json\/wp\/v2\/categories?post=356799"},{"taxonomy":"post_tag","embeddable":true,"href":"https:\/\/www.radioluna.it\/news\/wp-json\/wp\/v2\/tags?post=356799"}],"curies":[{"name":"wp","href":"https:\/\/api.w.org\/{rel}","templated":true}]}}