{"id":356805,"date":"2024-07-20T15:59:12","date_gmt":"2024-07-20T13:59:12","guid":{"rendered":"https:\/\/www.radioluna.it\/news\/?p=356805"},"modified":"2024-07-20T15:59:12","modified_gmt":"2024-07-20T13:59:12","slug":"legge-sullautonomia-differenziata-a-latina-si-costituiscono-i-comitati-per-il-si","status":"publish","type":"post","link":"https:\/\/www.radioluna.it\/news\/2024\/07\/legge-sullautonomia-differenziata-a-latina-si-costituiscono-i-comitati-per-il-si\/","title":{"rendered":"Legge sull&#8217;autonomia differenziata, a Latina si costituiscono i comitati per il s\u00ec"},"content":{"rendered":"<div id=\"fb-root\"><\/div>\n<p style=\"text-align: justify;\"><strong>LATINA &#8211;<\/strong> Anche a Latina si costituiscono i comitati promotori per il S\u00ec al referendum per l&#8217;abrogazione della legge sull&#8217;autonomia differenziata.<\/p>\n<p style=\"text-align: justify;\">&#8220;Oggi si \u00e8 svolta un&#8217;importante assemblea che ha visto la partecipazione dei soggetti promotori del territorio pontino, uniti nella comune volont\u00e0 di difendere l&#8217;unit\u00e0 e l&#8217;equit\u00e0 del nostro sistema pubblico.\u00a0Infatti, la legge sull&#8217;autonomia differenziata, cos\u00ec come delineata, rappresenta una minaccia reale e concreta all&#8217;unit\u00e0 e all&#8217;uguaglianza del nostro sistema pubblico. Questa normativa, se non abrogata, rischia di frammentare il paese, accentuando le disuguaglianze tra le regioni e creando cittadini di serie A e di serie B. A rischio sono i principi fondamentali della nostra Costituzione, che garantiscono uguali diritti e opportunit\u00e0 per tutti, indipendentemente dalla regione di residenza.<\/p>\n<p style=\"text-align: justify;\">L&#8217;assemblea di oggi ha dimostrato la forte volont\u00e0 della comunit\u00e0 della provincia di Latina di impegnarsi in questa battaglia per la giustizia sociale e l&#8217;equit\u00e0. La partecipazione attiva della cittadinanza \u00e8 essenziale per contrastare una legge che potrebbe avere conseguenze devastanti per le aree pi\u00f9 fragili del nostro paese, incrementando le gi\u00e0 esistenti disparit\u00e0 socio-economiche.<\/p>\n<p style=\"text-align: justify;\">Rivolgiamo un appello a tutte le cittdine e ai cittadini di Latina e della provincia: \u00e8 il momento di far sentire la nostra voce. Non possiamo permettere che l&#8217;Italia si divida ulteriormente. Ogni firma, ogni voce, ogni persona che si unisce a noi in questo sforzo collettivo pu\u00f2 fare la differenza. Insieme possiamo difendere i valori di solidariet\u00e0 e uguaglianza che sono alla base del nostro vivere civile.<\/p>\n<p style=\"text-align: justify;\">Seguite i canali social per restare aggiornati sulle prossime iniziative e per condividerle a vostra volta. Ogni piccolo gesto conta nella grande battaglia per il S\u00ec al referendum per l\u2019abrogazione della legge sull\u2019autonomia differenziata&#8221;.<\/p>\n<p>Domani in Corso della Repubblica 169 il gazebo per il varo della raccolta con tutte le sigle aderenti.<\/p>\n","protected":false},"excerpt":{"rendered":"<p>LATINA &#8211; Anche a Latina si costituiscono i comitati promotori per il S\u00ec al referendum per l&#8217;abrogazione della legge sull&#8217;autonomia differenziata. &#8220;Oggi si \u00e8 svolta un&#8217;importante assemblea che ha visto la partecipazione dei soggetti promotori del territorio pontino, uniti nella comune volont\u00e0 di difendere l&#8217;unit\u00e0 e l&#8217;equit\u00e0 del nostro sistema pubblico.\u00a0Infatti, la legge sull&#8217;autonomia differenziata, [&hellip;]<\/p>\n","protected":false},"author":60,"featured_media":0,"comment_status":"open","ping_status":"open","sticky":false,"template":"","format":"standard","meta":{"footnotes":""},"categories":[8],"tags":[],"class_list":["post-356805","post","type-post","status-publish","format-standard","hentry","category-politica"],"_links":{"self":[{"href":"https:\/\/www.radioluna.it\/news\/wp-json\/wp\/v2\/posts\/356805","targetHints":{"allow":["GET"]}}],"collection":[{"href":"https:\/\/www.radioluna.it\/news\/wp-json\/wp\/v2\/posts"}],"about":[{"href":"https:\/\/www.radioluna.it\/news\/wp-json\/wp\/v2\/types\/post"}],"author":[{"embeddable":true,"href":"https:\/\/www.radioluna.it\/news\/wp-json\/wp\/v2\/users\/60"}],"replies":[{"embeddable":true,"href":"https:\/\/www.radioluna.it\/news\/wp-json\/wp\/v2\/comments?post=356805"}],"version-history":[{"count":0,"href":"https:\/\/www.radioluna.it\/news\/wp-json\/wp\/v2\/posts\/356805\/revisions"}],"wp:attachment":[{"href":"https:\/\/www.radioluna.it\/news\/wp-json\/wp\/v2\/media?parent=356805"}],"wp:term":[{"taxonomy":"category","embeddable":true,"href":"https:\/\/www.radioluna.it\/news\/wp-json\/wp\/v2\/categories?post=356805"},{"taxonomy":"post_tag","embeddable":true,"href":"https:\/\/www.radioluna.it\/news\/wp-json\/wp\/v2\/tags?post=356805"}],"curies":[{"name":"wp","href":"https:\/\/api.w.org\/{rel}","templated":true}]}}