{"id":356825,"date":"2024-07-22T07:25:24","date_gmt":"2024-07-22T05:25:24","guid":{"rendered":"https:\/\/www.radioluna.it\/news\/?p=356825"},"modified":"2024-07-23T09:04:40","modified_gmt":"2024-07-23T07:04:40","slug":"incidente-in-mare-a-sperlonga-feriti-due-ragazzi-di-12-e-15-anni","status":"publish","type":"post","link":"https:\/\/www.radioluna.it\/news\/2024\/07\/incidente-in-mare-a-sperlonga-feriti-due-ragazzi-di-12-e-15-anni\/","title":{"rendered":"Incidente in mare a Sperlonga, feriti due ragazzi di 12 e 15 anni"},"content":{"rendered":"<div id=\"fb-root\"><\/div>\n<p><strong>SPERLONGA\u00a0 &#8211;<\/strong> Incidente in mare al largo della riviera d\u2019Ulisse: due minorenni sono rimasti feriti ieri pomeriggio nel tratto antistante Sperlonga durante un\u2019uscita in famiglia. Secondo le prime ricostruzioni i due fratelli di 12 e 15 anni si sarebbero fatti male durante un gioco in acqua, mentre il gommoncino su cui si trovavano veniva trainato da un\u2019altra imbarcazione la corda che li univa si \u00e8 spezzata e una delle due estremit\u00e0 ha colpito violentemente uno dei due ragazzini alla testa, mentre nella carambola che ne \u00e8 seguita il fratello ha riportato una frattura a una gamba. Subito recuperati, i due sono stati trasportati dall\u2019imbarcazione al porto di Sperlonga dove poi sono stati affidati alle cure del 118.<\/p>\n","protected":false},"excerpt":{"rendered":"<p>SPERLONGA\u00a0 &#8211; Incidente in mare al largo della riviera d\u2019Ulisse: due minorenni sono rimasti feriti ieri pomeriggio nel tratto antistante Sperlonga durante un\u2019uscita in famiglia. Secondo le prime ricostruzioni i due fratelli di 12 e 15 anni si sarebbero fatti male durante un gioco in acqua, mentre il gommoncino su cui si trovavano veniva trainato [&hellip;]<\/p>\n","protected":false},"author":60,"featured_media":355061,"comment_status":"open","ping_status":"open","sticky":false,"template":"","format":"standard","meta":{"footnotes":""},"categories":[7,2428],"tags":[],"class_list":["post-356825","post","type-post","status-publish","format-standard","has-post-thumbnail","hentry","category-cronaca","category-primo-piano"],"_links":{"self":[{"href":"https:\/\/www.radioluna.it\/news\/wp-json\/wp\/v2\/posts\/356825","targetHints":{"allow":["GET"]}}],"collection":[{"href":"https:\/\/www.radioluna.it\/news\/wp-json\/wp\/v2\/posts"}],"about":[{"href":"https:\/\/www.radioluna.it\/news\/wp-json\/wp\/v2\/types\/post"}],"author":[{"embeddable":true,"href":"https:\/\/www.radioluna.it\/news\/wp-json\/wp\/v2\/users\/60"}],"replies":[{"embeddable":true,"href":"https:\/\/www.radioluna.it\/news\/wp-json\/wp\/v2\/comments?post=356825"}],"version-history":[{"count":0,"href":"https:\/\/www.radioluna.it\/news\/wp-json\/wp\/v2\/posts\/356825\/revisions"}],"wp:featuredmedia":[{"embeddable":true,"href":"https:\/\/www.radioluna.it\/news\/wp-json\/wp\/v2\/media\/355061"}],"wp:attachment":[{"href":"https:\/\/www.radioluna.it\/news\/wp-json\/wp\/v2\/media?parent=356825"}],"wp:term":[{"taxonomy":"category","embeddable":true,"href":"https:\/\/www.radioluna.it\/news\/wp-json\/wp\/v2\/categories?post=356825"},{"taxonomy":"post_tag","embeddable":true,"href":"https:\/\/www.radioluna.it\/news\/wp-json\/wp\/v2\/tags?post=356825"}],"curies":[{"name":"wp","href":"https:\/\/api.w.org\/{rel}","templated":true}]}}