{"id":356827,"date":"2024-07-22T07:27:17","date_gmt":"2024-07-22T05:27:17","guid":{"rendered":"https:\/\/www.radioluna.it\/news\/?p=356827"},"modified":"2024-07-22T07:27:17","modified_gmt":"2024-07-22T05:27:17","slug":"cisterna-ambiente-arrivano-fondi-per-lincremento-della-percentuale-di-raccolta-differenziata","status":"publish","type":"post","link":"https:\/\/www.radioluna.it\/news\/2024\/07\/cisterna-ambiente-arrivano-fondi-per-lincremento-della-percentuale-di-raccolta-differenziata\/","title":{"rendered":"Cisterna Ambiente, arrivano fondi per l\u2019incremento della percentuale di raccolta differenziata"},"content":{"rendered":"<div id=\"fb-root\"><\/div>\n<p><strong>CISTERNA &#8211;<\/strong> La Cisterna Ambiente cambia passo e lo fa anche grazie all\u2019assegnazione di finanziamenti a fondo perduto ottenuti tramite la presentazione di progetti strutturati per favorire il miglioramento del servizio di raccolta differenziata domiciliare dei rifiuti urbani. Questi progetti, la cui elaborazione \u00e8 stata fortemente voluta dal Direttore Generale, ing. Paolo Maria De Felice, sono stati sviluppati in totale economia, valorizzando il know-how proprio del nuovo management.<\/p>\n<p>Oltre 450 mila euro ottenuti in meno di quattro mesi dall\u2019Azienda Speciale di Cisterna, che ha ricevuto la comunicazione dell\u2019ingresso ufficiale nelle graduatorie dei bandi.<\/p>\n<p>Nel dettaglio arriveranno nelle casse di via Primo Maggio: 360 mila euro da parte della Regione Lazio, oltre 47 mila euro dal Conai, nuova liquidit\u00e0 che si aggiunge ai 43 mila euro del progetto Raee gi\u00e0 stanziati. Finanziamenti che hanno un unico obiettivo, l\u2019incremento della percentuale di raccolta differenziata domiciliare.<\/p>\n<p>\u00abInformare, sensibilizzare ed educare i cittadini sulla gestione dei rifiuti con particolare attenzione allo sviluppo della raccolta differenziata domestica \u00e8 di fondamentale importanza per lo sviluppo sostenibile e il rispetto per l\u2019ambiente \u2013 ha detto il Direttore Generale dell\u2019Azienda Speciale Cisterna Ambiente Paolo Maria De Felice -. Prevenzione della produzione dei rifiuti, recupero e riutilizzo dei materiali, la politica aziendale \u00e8 in linea con gli obiettivi dettati dalla Regione Lazio, che tramite il bando intende potenziare, ma soprattutto rinnovare, i servizi di raccolta differenziata. Stimolante l\u2019idea del Conai, con cui andremo a privilegiare la raccolta monomateriale dei rifiuti di imballaggio. Dopo il vetro andremo ad intercettare le altre frazioni di multimateriale, separando plastica, acciaio ed alluminio. \u00c8 in atto un cambio di passo grazie ad una campagna di informazione esaustiva e mirata ad efficientare le modalit\u00e0 di separazione e conferimento di tutte le tipologie di rifiuti, tramite social media, incontri nelle scuole, collaborando con le associazioni del territorio e sviluppando una rete di supporto all\u2019utente tramite il nostro nuovo sito internet, le pagine social della Cisterna Ambiente e l\u2019app gratuita Junker\u00bb.<\/p>\n<p>\u00abIl Comune di Cisterna ha deciso di cogliere queste opportunit\u00e0, messe a disposizione da Regione Lazio, Conai e Progetto Raee, per incrementare la percentuale di raccolta differenziata e potenziare il sistema di gestione della Cisterna Ambiente, con l\u2019obiettivo ultimo di intercettare quei rifiuti urbani destinabili al riciclo e al recupero, ma che erroneamente finiscono per essere avviati in discarica \u2013 ha detto il Sindaco di Cisterna Valentino Mantini -. Sappiamo di avere davanti a noi una sfida importante ed ardua, ma sappiamo altres\u00ec che il riuso e il riciclo dei rifiuti \u00e8 l\u2019unica via di civilt\u00e0 per la sostenibilit\u00e0 ambientale. Per questo, stante le grandi difficolt\u00e0 che sono visibili a tutti, chiediamo la collaborazione dei cittadini, che l\u2019Amministrazione comunale ringrazia, nella fase di avvio del nuovo sistema di raccolta Porta a Porta\u00bb.<\/p>\n","protected":false},"excerpt":{"rendered":"<p>CISTERNA &#8211; La Cisterna Ambiente cambia passo e lo fa anche grazie all\u2019assegnazione di finanziamenti a fondo perduto ottenuti tramite la presentazione di progetti strutturati per favorire il miglioramento del servizio di raccolta differenziata domiciliare dei rifiuti urbani. Questi progetti, la cui elaborazione \u00e8 stata fortemente voluta dal Direttore Generale, ing. Paolo Maria De Felice, [&hellip;]<\/p>\n","protected":false},"author":60,"featured_media":0,"comment_status":"open","ping_status":"open","sticky":false,"template":"","format":"standard","meta":{"footnotes":""},"categories":[7,2428],"tags":[],"class_list":["post-356827","post","type-post","status-publish","format-standard","hentry","category-cronaca","category-primo-piano"],"_links":{"self":[{"href":"https:\/\/www.radioluna.it\/news\/wp-json\/wp\/v2\/posts\/356827","targetHints":{"allow":["GET"]}}],"collection":[{"href":"https:\/\/www.radioluna.it\/news\/wp-json\/wp\/v2\/posts"}],"about":[{"href":"https:\/\/www.radioluna.it\/news\/wp-json\/wp\/v2\/types\/post"}],"author":[{"embeddable":true,"href":"https:\/\/www.radioluna.it\/news\/wp-json\/wp\/v2\/users\/60"}],"replies":[{"embeddable":true,"href":"https:\/\/www.radioluna.it\/news\/wp-json\/wp\/v2\/comments?post=356827"}],"version-history":[{"count":0,"href":"https:\/\/www.radioluna.it\/news\/wp-json\/wp\/v2\/posts\/356827\/revisions"}],"wp:attachment":[{"href":"https:\/\/www.radioluna.it\/news\/wp-json\/wp\/v2\/media?parent=356827"}],"wp:term":[{"taxonomy":"category","embeddable":true,"href":"https:\/\/www.radioluna.it\/news\/wp-json\/wp\/v2\/categories?post=356827"},{"taxonomy":"post_tag","embeddable":true,"href":"https:\/\/www.radioluna.it\/news\/wp-json\/wp\/v2\/tags?post=356827"}],"curies":[{"name":"wp","href":"https:\/\/api.w.org\/{rel}","templated":true}]}}