{"id":356830,"date":"2024-07-22T07:29:47","date_gmt":"2024-07-22T05:29:47","guid":{"rendered":"https:\/\/www.radioluna.it\/news\/?p=356830"},"modified":"2024-07-22T07:29:47","modified_gmt":"2024-07-22T05:29:47","slug":"10-raduno-auto-e-moto-storiche-citta-di-prossedi","status":"publish","type":"post","link":"https:\/\/www.radioluna.it\/news\/2024\/07\/10-raduno-auto-e-moto-storiche-citta-di-prossedi\/","title":{"rendered":"10\u00b0 Raduno Auto e Moto Storiche &#8220;Citt\u00e0 di Prossedi &#8220;"},"content":{"rendered":"<div id=\"fb-root\"><\/div>\n<p style=\"text-align: justify;\">PROSSEDI &#8211;\u00a0Anche quest&#8217;anno il Circolo Pontino della Manovella di Latina, Club affiliato ASI, ha organizzato il 21 luglio, a Prossedi il 10\u00b0 Raduno di Auto e Moto Storiche. Si tratta di un evento che rientra nella tradizione del Club e ogni volta conferma l\u2019ospitalit\u00e0 della Citt\u00e0 di Prossedi. A partire dalle ore 9,00 la bellissima Piazza Umberto I si \u00e8 trasformata in punto di esposizione di circa 80 mezzi storici ( tra auto, vespe e moto) di elevato interesse che hanno attirato l\u2019attenzione degli abitanti e dei turisti. I proprietari dei mezzi, sfidando il caldo eccezionale, si sono confrontati nella gara di regolarit\u00e0, organizzata alle porte della Citt\u00e0. I partecipanti si sono poi ritrovati presso il ristorante Antico Frantoio , dove \u00e8 proseguita la discussione sugli aspetti tecnici dei mezzi intervenuti ed in particolare commenti e battute sui risultati delle prove di regolarit\u00e0 che hanno visto premiati i primi nella classifica.<\/p>\n","protected":false},"excerpt":{"rendered":"<p>PROSSEDI &#8211;\u00a0Anche quest&#8217;anno il Circolo Pontino della Manovella di Latina, Club affiliato ASI, ha organizzato il 21 luglio, a Prossedi il 10\u00b0 Raduno di Auto e Moto Storiche. Si tratta di un evento che rientra nella tradizione del Club e ogni volta conferma l\u2019ospitalit\u00e0 della Citt\u00e0 di Prossedi. A partire dalle ore 9,00 la bellissima [&hellip;]<\/p>\n","protected":false},"author":60,"featured_media":0,"comment_status":"open","ping_status":"open","sticky":false,"template":"","format":"standard","meta":{"footnotes":""},"categories":[16,734],"tags":[],"class_list":["post-356830","post","type-post","status-publish","format-standard","hentry","category-appuntamenti","category-evidenza"],"_links":{"self":[{"href":"https:\/\/www.radioluna.it\/news\/wp-json\/wp\/v2\/posts\/356830","targetHints":{"allow":["GET"]}}],"collection":[{"href":"https:\/\/www.radioluna.it\/news\/wp-json\/wp\/v2\/posts"}],"about":[{"href":"https:\/\/www.radioluna.it\/news\/wp-json\/wp\/v2\/types\/post"}],"author":[{"embeddable":true,"href":"https:\/\/www.radioluna.it\/news\/wp-json\/wp\/v2\/users\/60"}],"replies":[{"embeddable":true,"href":"https:\/\/www.radioluna.it\/news\/wp-json\/wp\/v2\/comments?post=356830"}],"version-history":[{"count":0,"href":"https:\/\/www.radioluna.it\/news\/wp-json\/wp\/v2\/posts\/356830\/revisions"}],"wp:attachment":[{"href":"https:\/\/www.radioluna.it\/news\/wp-json\/wp\/v2\/media?parent=356830"}],"wp:term":[{"taxonomy":"category","embeddable":true,"href":"https:\/\/www.radioluna.it\/news\/wp-json\/wp\/v2\/categories?post=356830"},{"taxonomy":"post_tag","embeddable":true,"href":"https:\/\/www.radioluna.it\/news\/wp-json\/wp\/v2\/tags?post=356830"}],"curies":[{"name":"wp","href":"https:\/\/api.w.org\/{rel}","templated":true}]}}