{"id":356875,"date":"2024-07-23T07:20:05","date_gmt":"2024-07-23T05:20:05","guid":{"rendered":"https:\/\/www.radioluna.it\/news\/?p=356875"},"modified":"2024-07-23T07:20:05","modified_gmt":"2024-07-23T05:20:05","slug":"cisterna-volley-tosti-conquista-largento-agli-europei-under18","status":"publish","type":"post","link":"https:\/\/www.radioluna.it\/news\/2024\/07\/cisterna-volley-tosti-conquista-largento-agli-europei-under18\/","title":{"rendered":"Cisterna Volley, Tosti conquista l&#8217;argento agli Europei Under18"},"content":{"rendered":"<div id=\"fb-root\"><\/div>\n<p style=\"text-align: justify;\"><strong>CISTERNA <\/strong>-Con un\u2019Olimpiade ancora da vivere, dove saranno presenti Theo Faure (Francia) e Aleksandar Nedeljkovic (Serbia), il Cisterna Volley sta vivendo un\u2019estate da protagonista, con Alessandro Fanizza e Jacopo Tosti in campo nei recenti Campionati Europei Under 22 e Under 18, dove in entrambi i casi l\u2019Italia ha ottenuto la medaglia d\u2019argento.<\/p>\n<p style=\"text-align: justify;\">Il nuovo palleggiatore del Cisterna Volley ha trovato continuit\u00e0 nel sestetto, lasciando in una sola occasione, contro la Francia ai gironi, il suo posto in cabina di regia. Allo stesso tempo, Tosti si \u00e8 fatto trovare pronto quando chiamato in causa da coach Cresta, dando il suo contributo all\u2019ottimo percorso degli azzurrini, giocando da protagonista l\u2019ultima partita del girone contro la Repubblica Ceca. Per il centrale romano sono in programma anche i Mondiali Under 17 in Bulgaria, in programma dal 24 al 31 agosto.<\/p>\n<p style=\"text-align: justify;\">\u201cSono molto felice dei risultati raggiunti da Fanizza e Tosti &#8211; racconta coach Falasca &#8211; Con il primo non ho ancora avuto modo di allenarlo ma sia io che la societ\u00e0 crediamo molto in lui. Questa esperienza sar\u00e0 per lui solo un pezzo di un percorso che gli possa riservare molto altro. Tosti gi\u00e0 dallo scorso anno ha iniziato a lavorare con la prima squadra, \u00e8 un ragazzo d\u2019oro dal potenziale enorme. Quest\u2019anno far\u00e0 a tutti gli effetti parte del roster della Superlega perch\u00e9 pensiamo che possa avere ampi margini di miglioramento. Per entrambi queste esperienze sono state importanti per la loro crescita, con la speranza che continuino questo percorso, visto il loro talento e la giusta mentalit\u00e0. Faure ha conquistato l\u2019Olimpiade prestazione dopo prestazione, facendosi trovare pronto come in semifinale di VNL. Nedeljkovic in un anno a Cisterna \u00e8 cresciuto molto, per la nostra squadra sar\u00e0 importante continuare a migliorare\u201d.<\/p>\n<p style=\"text-align: justify;\">Il Cisterna Volley sar\u00e0 una delle squadre con l\u2019et\u00e0 media pi\u00f9 bassa a partecipare alla prossima Superlega, con un roster in parte confermato a dare continuit\u00e0 ad un progetto iniziato un anno fa:\u201dIl nostro primo obiettivo era continuare con il percorso iniziato la scorsa stagione. Abbiamo confermato tutto il sestetto ad eccezione di Piccinelli, dove nel ruolo di libero ci sar\u00e0 Pace, un ragazzo su cui puntiamo tanto. Gli altri elementi del roster possono aiutarci molto, per dare alternative e alzare il livello degli allenamenti. Czerwinski ha fatto bene con la sua nazionale, Diamantini non \u00e8 assolutamente una riserva, si giocher\u00e0 il posto. Rivas e Tarumi sono atleti di livello, il livello dei quattordici si \u00e8 alzato molto, con la speranza che ci\u00f2 poi abbia dei riscontri in campo\u201d.<\/p>\n","protected":false},"excerpt":{"rendered":"<p>CISTERNA -Con un\u2019Olimpiade ancora da vivere, dove saranno presenti Theo Faure (Francia) e Aleksandar Nedeljkovic (Serbia), il Cisterna Volley sta vivendo un\u2019estate da protagonista, con Alessandro Fanizza e Jacopo Tosti in campo nei recenti Campionati Europei Under 22 e Under 18, dove in entrambi i casi l\u2019Italia ha ottenuto la medaglia d\u2019argento. Il nuovo palleggiatore [&hellip;]<\/p>\n","protected":false},"author":5430,"featured_media":0,"comment_status":"open","ping_status":"open","sticky":false,"template":"","format":"standard","meta":{"footnotes":""},"categories":[735,17],"tags":[],"class_list":["post-356875","post","type-post","status-publish","format-standard","hentry","category-attualita","category-sport"],"_links":{"self":[{"href":"https:\/\/www.radioluna.it\/news\/wp-json\/wp\/v2\/posts\/356875","targetHints":{"allow":["GET"]}}],"collection":[{"href":"https:\/\/www.radioluna.it\/news\/wp-json\/wp\/v2\/posts"}],"about":[{"href":"https:\/\/www.radioluna.it\/news\/wp-json\/wp\/v2\/types\/post"}],"author":[{"embeddable":true,"href":"https:\/\/www.radioluna.it\/news\/wp-json\/wp\/v2\/users\/5430"}],"replies":[{"embeddable":true,"href":"https:\/\/www.radioluna.it\/news\/wp-json\/wp\/v2\/comments?post=356875"}],"version-history":[{"count":0,"href":"https:\/\/www.radioluna.it\/news\/wp-json\/wp\/v2\/posts\/356875\/revisions"}],"wp:attachment":[{"href":"https:\/\/www.radioluna.it\/news\/wp-json\/wp\/v2\/media?parent=356875"}],"wp:term":[{"taxonomy":"category","embeddable":true,"href":"https:\/\/www.radioluna.it\/news\/wp-json\/wp\/v2\/categories?post=356875"},{"taxonomy":"post_tag","embeddable":true,"href":"https:\/\/www.radioluna.it\/news\/wp-json\/wp\/v2\/tags?post=356875"}],"curies":[{"name":"wp","href":"https:\/\/api.w.org\/{rel}","templated":true}]}}