{"id":356979,"date":"2024-07-25T10:25:03","date_gmt":"2024-07-25T08:25:03","guid":{"rendered":"https:\/\/www.radioluna.it\/news\/?p=356979"},"modified":"2024-07-25T10:25:03","modified_gmt":"2024-07-25T08:25:03","slug":"serate-a-minturnae-ritorna-la-rassegna-culturale","status":"publish","type":"post","link":"https:\/\/www.radioluna.it\/news\/2024\/07\/serate-a-minturnae-ritorna-la-rassegna-culturale\/","title":{"rendered":"Serate a Minturnae, ritorna la rassegna culturale"},"content":{"rendered":"<div id=\"fb-root\"><\/div>\n<p style=\"text-align: justify;\"><strong>MINTURNO &#8211;<\/strong> Tornano le Serate a Minturnae, rassegna culturale che anche quest\u2019anno vedr\u00e0 la sinergia e collaborazione tra il Comune di Minturno e la Direzione regionale Musei nazionale, con spettacoli di teatro, danza, musica ed incontri con illustri personaggi che animano il panorama culturale del nostro paese, nella cornice del Teatro romano del Parco archeologico di Minturnae.<\/p>\n<p style=\"text-align: justify;\">Si comincia\u00a0sabato 27 luglio alle ore 21\u00a0con lo spettacolo teatrale\u00a0\u201cSei personaggi in cerca di autore\u201d\u00a0di Luigi Pirandello, con Felice Della Corte e con Silvia Brogi, Gino Auriuso, Francesca Innocenti, Gioele Rotini, Marco Lupi, Titti Cerrone, Luca Vergoni, Andrea Meloni, Jessica Agnoli, Fabio Orlandi, regia Claudio Boccaccini. \u201cSei personaggi in cerca d\u2019autore\u201d e\u0300 molto probabilmente l\u2019opera piu\u0300 famosa di Luigi Pirandello e, di sicuro, quella che piu\u0300 di ogni altra ne compendia e sintetizza le tematiche, i climi, le suggestioni.L\u2019opera debutto\u0300 nel 1921 e il pubblico rimase talmente sconcertato che alla fine dello spettacolo contesto\u0300 violentemente lo stesso autore presente in sala al grido, come si sa, \u201cManicomio! Manicomio!\u201d. Oggi, a distanza di un secolo, in una societa\u0300 profondamente mutata, e\u0300 lecito chiedersi cosa rimanga di scandaloso, di disorientante, di sorprendente in quest\u2019opera. Si puo\u0300 escludere sicuramente il meccanismo del \u201cteatro nel teatro\u201d, ormai trito, visto e rivisto. Anche il linguaggio, che puo\u0300 anzi risultare oggi spesso ridondante, prolisso, barocco, specchio di una certa \u201citalietta\u201d prefascista piccolo-borghese, ormai poco funzionale a una moderna visione dell\u2019azione e comunicazione scenica. Quello che continua a stupirci e appassionarci in questa grande opera e\u0300 altro. Tanto altro. Il \u201cplot\u201d, ad esempio, che in Pirandello e\u0300 sempre geniale, avvincente, appassionante e in questo caso anche ricco di colpi di scena; e poi lo scavo nella desolazione e nelle trappole dell\u2019animo umano; e poi ancora la messa a confronto, impietosa, tra una concezione del teatro stanca, annoiata, routinier \u2013 che ha i suoi rappresentanti nel gruppo della \u201ccompagnia\u201d, capocomico e attori \u2013 e la verita\u0300 feroce e vibrante della teatralita\u0300 vitale e ardente nei \u201cpersonaggi\u201d.<\/p>\n<p>Ecco, in questo soprattutto e\u0300 continuamente ribadito un concetto tanto caro a Pirandello: quanto i personaggi, frutto della fantasia di un autore, siano piu\u0300 vivi e veri delle persone reali. Talmente vivi e veri che invaderanno un giorno il palcoscenico di un teatro interrompendo, con un colpo di scena, la prova di una compagnia e dando inizio cosi\u0300 a un\u2019opera considerata a ragione un testo capitale della drammaturgia universale.<\/p>\n<p style=\"text-align: justify;\">Il 7 agosto il musical, Forza Venite Gente. La trama, incentrata sulla figura di San Francesco, racconta i valori e le emozioni della quotidianit\u00e0, ma dedica interessanti momenti e intense riflessioni sul rapporto tra padri e figli, spesso contaminato da aspettative diverse e da valori distanti, che alimentano sofferenti dicotomie, nella ricerca disperata di un reciproco amore. Il 10 agosto, Il Lago dei Cigni, musica Ciajkovsky , coreografia Luigi Martelletta. Il balletto pi\u00f9 famoso \u00e8 pi\u00f9 bello del repertorio classico, una compagnia di balletto di grande prestigio con pi\u00f9 di venticinque anni di carriera ed esperienza. La straordinaria musica e le bellissime danze vi faranno vivere una serata coinvolgente e suggestiva. La trama racconta la storia di una principessa che per un perfido sortilegio del malefico mago Rothbart\u00a0 (a cui la principessa ha negato il suo amore), \u00e8 costretta a trascorrere le ore del giorno sotto le sembianze di un cigno bianco.<\/p>\n<p style=\"text-align: justify;\">La maledizione potr\u00e0 essere sconfitta soltanto da un giuramento d\u2019amore. E una notte il principe Sigfrid trov\u00f2 Odette (il cigno), i loro sguardi si incrociarono, se ne innamor\u00f2 e promisa di salvarla. Fortemente legato alla tradizione accademica Luigi Martelletta proporr\u00e0 uno spettacolo stilisticamente pi\u00f9 vivace, pi\u00f9 dinamico, pi\u00f9 snello, allegerendolo da manierismi e pantomime che a volte possono risultare lente e pesanti. Non mancher\u00e0 per\u00f2 quell\u2019itinerario danzato che molti conoscono e si aspettano: gli incantevoli cigni, la danza spagnola, russa, napoletana, ungherese, i famosi passi a due e molto molto altro. La particolarit\u00e0 di questo spettacolo consiste proprio nella capacit\u00e0 di unire fantasia e realt\u00e0, di proporsi vivo e attualissimo, pur conservando un suo pianeta espressivo che sa gi\u00e0 di vissuto. Il 12 agosto, Maurizio Casagrande in La Prova del Nove, una commedia fresca e divertente, per farci ridere ed emozionare. \u201cVoglio fare uno spettacolo musicale, fresco, divertente, da bere tutto in un sorso per togliersi la sete di svago dell\u2019estate.\u201d Queste mi sono detto quando ho deciso di portare in scena questa idea, fatta di belle canzoni, di racconti interessanti, di sketch divertenti, di piccoli momenti di riflessione diluiti in una risata e il tutto in compagnia di bravissimi attori, cantanti e musicisti. Il 14 agosto, Gente Distratta in cerca di Pino Daniele. \u201cAmando, Sognando, Crescendo\u201d ecco uno dei versi del celebre brano di Pino Daniele, Gente Distratta, che ha ispirato il nome della band che mette in scena un concerto dedicato al grande musicista partenopeo. Di \u201ctribute band\u201d che omaggiano Pino Daniele ce ne sono tante e talvolta alcune di esse arrivano al punto di imitare il bluesman napoletano nell\u2019aspetto e nella voce. I Gente Distratta non nascono con questo obiettivo e definirli una \u201ctribute band\u201d sarebbe davvero riduttivo. I Gente Distratta offrono al pubblico qualcosa di diverso. Alla musica si aggiungono parole ed atmosfere che, con grande poesia, descrivono i momenti salienti della carriera di Pino e mettono in luce il genio del grande artista. Il 16 agosto Battisti Legend,con Roberto Pambianchi &amp; Band.\u00a0\u00a0 Uno spettacolo dedicato alla memoria di uno dei pi\u00f9 grandi cantautori italiani: Lucio Battisti. \u2018Battisti Legend\u2019 \u00e8 un affascinante spettacolo che omaggia l\u2019eredit\u00e0 musicale di Lucio Battisti, una delle icone pi\u00f9 amate della musica italiana. Attraverso una combinazione di performance dal vivo, proiezioni visive coinvolgenti e narrazione avvincente, lo spettacolo offre un viaggio emozionante nella vita e nelle canzoni di questo leggendario artista. Gli spettatori saranno trasportati nel cuore della sua musica, rivivendo i successi indimenticabili che hanno definito un\u2019intera generazione. \u2018Battisti Legend\u2019 \u00e8 un\u2019esperienza straordinaria che celebra la creativit\u00e0 senza tempo di Battisti, offrendo una serata di pura magia musicale e ricordi indelebili.<\/p>\n<p>Il 18 agosto, Pink Floyd Immersion, un viaggio musicale e visivo senza pari. Gli spettatori saranno trasportati dalle melodie iconiche dei Pink Floyd, eseguite con maestria da una band di talento che rende omaggio alla leggendaria formazione britannica. A chiudere le Serate a Minturnae, il 26 agosto, Paolo Crepet con Mordere il Cielo. Inutile negarlo, girarci attorno. Viviamo tra nuove guerre, migrazioni di massa, povert\u00e0 che si ammassano nelle grandi citt\u00e0, vecchie e nuove droghe dilagano, ansie e angosce trovano inconsuete espressivit\u00e0. Come se un\u2019antica cicatrice interiore fosse tornata a condizionare il tempo presente. Eppure, molti continuano a cercare, forse proprio perch\u00e9 l\u2019eclissi della ragione coglie un\u2019umanit\u00e0 sempre pi\u00f9 smarrita. Proprio adesso che una parte del pianeta pensava di aver conosciuto benessere e allungamento della vita, mi chiedo dove siano andate a finire le nostre emozioni, perch\u00e9 in tanti tendono a relegarsi in una solitudine che accomuna giovani e adulti, vecchi e bambini. Siamo all\u2019et\u00e0 dell\u2019insensibilit\u00e0? Il rischio c\u2019\u00e8 ed \u00e8 sempre pi\u00f9 forte. Occorre parlare di questa potenziale eclissi di una parte della nostra sfera emotiva, le complicit\u00e0 e le omissioni che tendono a tradire l\u2019identit\u00e0 pi\u00f9 profonda di ogni essere umano. Per tornare a \u201cmordere il cielo\u201d occorre ritrovare il coraggio di nuove eresie, rinnovare ribellioni per inseguire le nostre unicit\u00e0, diffidando di quella grigia normalit\u00e0 dietro la quale si nasconde il sinistro rumore della neutralizzazione dell\u2019anima.<\/p>\n<div class=\"radio-posizionamento-telefono-in-articoli-dopo-il-contenuto-articolo radio-entity-placement\" id=\"radio-296380328\"><div id=\"radio-2626859921\" style=\"width: 300px;height: 250px;\"><a href=\"https:\/\/www.icarspa.it\/auto\/usate\/latina\/\" aria-label=\"banner aprile icar new life &#8211; auto usate latina\"><img loading=\"lazy\" decoding=\"async\" src=\"https:\/\/www.radioluna.it\/news\/wp-content\/uploads\/2026\/02\/banner-aprile-icar-new-life-auto-usate-latina.gif\" alt=\"\"  width=\"300\" height=\"250\"   \/><\/a><\/div><\/div>","protected":false},"excerpt":{"rendered":"<p>MINTURNO &#8211; Tornano le Serate a Minturnae, rassegna culturale che anche quest\u2019anno vedr\u00e0 la sinergia e collaborazione tra il Comune di Minturno e la Direzione regionale Musei nazionale, con spettacoli di teatro, danza, musica ed incontri con illustri personaggi che animano il panorama culturale del nostro paese, nella cornice del Teatro romano del Parco archeologico [&hellip;]<\/p>\n","protected":false},"author":60,"featured_media":0,"comment_status":"open","ping_status":"open","sticky":false,"template":"","format":"standard","meta":{"footnotes":""},"categories":[16,734],"tags":[],"class_list":["post-356979","post","type-post","status-publish","format-standard","hentry","category-appuntamenti","category-evidenza"],"_links":{"self":[{"href":"https:\/\/www.radioluna.it\/news\/wp-json\/wp\/v2\/posts\/356979","targetHints":{"allow":["GET"]}}],"collection":[{"href":"https:\/\/www.radioluna.it\/news\/wp-json\/wp\/v2\/posts"}],"about":[{"href":"https:\/\/www.radioluna.it\/news\/wp-json\/wp\/v2\/types\/post"}],"author":[{"embeddable":true,"href":"https:\/\/www.radioluna.it\/news\/wp-json\/wp\/v2\/users\/60"}],"replies":[{"embeddable":true,"href":"https:\/\/www.radioluna.it\/news\/wp-json\/wp\/v2\/comments?post=356979"}],"version-history":[{"count":0,"href":"https:\/\/www.radioluna.it\/news\/wp-json\/wp\/v2\/posts\/356979\/revisions"}],"wp:attachment":[{"href":"https:\/\/www.radioluna.it\/news\/wp-json\/wp\/v2\/media?parent=356979"}],"wp:term":[{"taxonomy":"category","embeddable":true,"href":"https:\/\/www.radioluna.it\/news\/wp-json\/wp\/v2\/categories?post=356979"},{"taxonomy":"post_tag","embeddable":true,"href":"https:\/\/www.radioluna.it\/news\/wp-json\/wp\/v2\/tags?post=356979"}],"curies":[{"name":"wp","href":"https:\/\/api.w.org\/{rel}","templated":true}]}}