{"id":357008,"date":"2024-07-26T06:24:03","date_gmt":"2024-07-26T04:24:03","guid":{"rendered":"https:\/\/www.radioluna.it\/news\/?p=357008"},"modified":"2024-07-26T06:24:03","modified_gmt":"2024-07-26T04:24:03","slug":"cisterna-volley-cocconi-tommasino-cibba-e-bianchetti-nello-staff-tecnico-di-coach-falasca","status":"publish","type":"post","link":"https:\/\/www.radioluna.it\/news\/2024\/07\/cisterna-volley-cocconi-tommasino-cibba-e-bianchetti-nello-staff-tecnico-di-coach-falasca\/","title":{"rendered":"Cisterna Volley, Cocconi, Tommasino, Cibba e Bianchetti nello staff tecnico di coach Falasca"},"content":{"rendered":"<div id=\"fb-root\"><\/div>\n<p style=\"text-align: justify;\"><strong>CISTERNA &#8211;<\/strong> Il Cisterna Volley scalda i motori in vista della prossima stagione di Superlega Credem Banca, che vedr\u00e0 la squadra accogliere per la prima in casa l\u2019Itas Trentino il 29 settembre. Coach Falasca, al secondo anno a Cisterna, potr\u00e0 contare su un gruppo di lavoro collaudato, che vedr\u00e0 oltre a un tris di conferme, l\u2019inserimento nello staff tecnico del preparatore atletico Andrea Bianchetti.<\/p>\n<p style=\"text-align: justify;\">Il braccio destro di Falasca rester\u00e0 Roberto Cocconi, secondo allenatore gi\u00e0 nella scorsa stagione con il Cisterna Volley e con un passato alla Top Volley in Superlega e a Modena in B:\u201dSono molto felice di continuare il mio percorso con il Cisterna Volley, con un gruppo ormai collaudato vogliamo continuare il lavoro iniziato un anno fa con Falasca, con la voglia da parte di tutti noi di impegnarci per provare a fare anche qualcosa in pi\u00f9\u201d.<\/p>\n<p style=\"text-align: justify;\">Come terzo allenatore ci sar\u00e0 sempre Elio Tommasino, anche lui dal 2019 impegnato in Superlega prima con la Top Volley e poi con il Cisterna Volley:\u201dSono contento di continuare un percorso iniziato ormai cinque anni fa, grazie alla societ\u00e0 che ha rinnovato la fiducia in me. Il nostro obiettivo sar\u00e0 quello di continuare il lavoro iniziato la scorsa stagione, molti giocatori sono stati confermati e potremo proseguire il percorso insieme a loro, provando a fare meglio\u201d.<\/p>\n<p style=\"text-align: justify;\">Infine lo scoutman della squadra sar\u00e0 Maurizio Cibba, una pluriennale esperienza nel ruolo nella massima serie italiana:\u201dQuesta sar\u00e0 la mia undicesima stagione in Superlega, tra la Top Volley e il Cisterna Volley. Sono molto contento della fiducia che \u00e8 stata riposta nel mio lavoro, cercher\u00f2 di dare il massimo per poter ottenere ancora pi\u00f9 risultati rispetto agli altri anni. Sono felice di poter collaborare con Falasca e il resto dello staff, dove oltre al coach che conosco dallo scorso anno, si \u00e8 creato un gruppo ben affiatato\u201d.<\/p>\n<p style=\"text-align: justify;\">Il nuovo arrivato nello staff vanta una pluriennale esperienza nel settore, con un\u2019ultima stagione vissuta alla Dinamo Bucure\u0219ti, squadra lo scorso anno impegnata nella massima serie della Romania e in Challenge Cup. Prima dell\u2019esperienza all\u2019estero, per il classe \u201891 un triennio con la Fenice Pallavolo Roma, storica realt\u00e0 sportiva del Lazio:\u201dL\u2019approdo in Superlega sicuramente ti pone davanti grandi sfide e grandi stimoli, essendo un campionato molto competitivo e prestigioso. Farne parte, con la squadra della mia regione, \u00e8 qualcosa di speciale. Per quanto riguarda la parte atletica, l\u2019obiettivo sar\u00e0 quello di far s\u00ec che tutta la squadra sia performante in qualsiasi momento. Ogni giocatore dovr\u00e0 essere pronto ad esprimersi al massimo in ogni situazione\u201d.<\/p>\n<p style=\"text-align: justify;\">Allo stesso tempo, il Cisterna Volley ringrazia il preparatore atletico Gioele Rosellini, che con dedizione e professionalit\u00e0, ha contribuito al raggiungimento degli obiettivi del club, mostrando attaccamento verso i nostri colori, mettendo avanti a tutto l\u2019interesse per la crescita della squadra. A Gioele l\u2019augurio pi\u00f9 sincero per le migliori fortune umane e professionali.<\/p>\n<div class=\"radio-posizionamento-telefono-in-articoli-dopo-il-contenuto-articolo radio-entity-placement\" id=\"radio-2106672061\"><div id=\"radio-2632961341\"><a href=\"https:\/\/www.simeoneceramiche.com\/\" aria-label=\"SIMEONE CERAMICHE GIF animata per radioluna_Tavola disegno 1 copia 2 (online-video-cutter.com)\"><img loading=\"lazy\" decoding=\"async\" src=\"https:\/\/www.radioluna.it\/news\/wp-content\/uploads\/2025\/05\/SIMEONE-CERAMICHE-GIF-animata-per-radioluna_Tavola-disegno-1-copia-2-online-video-cutter.com_.gif\" alt=\"\"  width=\"300\" height=\"250\"   \/><\/a><\/div><\/div>","protected":false},"excerpt":{"rendered":"<p>CISTERNA &#8211; Il Cisterna Volley scalda i motori in vista della prossima stagione di Superlega Credem Banca, che vedr\u00e0 la squadra accogliere per la prima in casa l\u2019Itas Trentino il 29 settembre. Coach Falasca, al secondo anno a Cisterna, potr\u00e0 contare su un gruppo di lavoro collaudato, che vedr\u00e0 oltre a un tris di conferme, [&hellip;]<\/p>\n","protected":false},"author":5430,"featured_media":0,"comment_status":"open","ping_status":"open","sticky":false,"template":"","format":"standard","meta":{"footnotes":""},"categories":[734,17],"tags":[],"class_list":["post-357008","post","type-post","status-publish","format-standard","hentry","category-evidenza","category-sport"],"_links":{"self":[{"href":"https:\/\/www.radioluna.it\/news\/wp-json\/wp\/v2\/posts\/357008","targetHints":{"allow":["GET"]}}],"collection":[{"href":"https:\/\/www.radioluna.it\/news\/wp-json\/wp\/v2\/posts"}],"about":[{"href":"https:\/\/www.radioluna.it\/news\/wp-json\/wp\/v2\/types\/post"}],"author":[{"embeddable":true,"href":"https:\/\/www.radioluna.it\/news\/wp-json\/wp\/v2\/users\/5430"}],"replies":[{"embeddable":true,"href":"https:\/\/www.radioluna.it\/news\/wp-json\/wp\/v2\/comments?post=357008"}],"version-history":[{"count":0,"href":"https:\/\/www.radioluna.it\/news\/wp-json\/wp\/v2\/posts\/357008\/revisions"}],"wp:attachment":[{"href":"https:\/\/www.radioluna.it\/news\/wp-json\/wp\/v2\/media?parent=357008"}],"wp:term":[{"taxonomy":"category","embeddable":true,"href":"https:\/\/www.radioluna.it\/news\/wp-json\/wp\/v2\/categories?post=357008"},{"taxonomy":"post_tag","embeddable":true,"href":"https:\/\/www.radioluna.it\/news\/wp-json\/wp\/v2\/tags?post=357008"}],"curies":[{"name":"wp","href":"https:\/\/api.w.org\/{rel}","templated":true}]}}