{"id":357017,"date":"2024-07-26T06:33:04","date_gmt":"2024-07-26T04:33:04","guid":{"rendered":"https:\/\/www.radioluna.it\/news\/?p=357017"},"modified":"2024-07-27T14:39:13","modified_gmt":"2024-07-27T12:39:13","slug":"chiusa-questa-notte-la-galleria-tempio-di-giove-a-terracina","status":"publish","type":"post","link":"https:\/\/www.radioluna.it\/news\/2024\/07\/chiusa-questa-notte-la-galleria-tempio-di-giove-a-terracina\/","title":{"rendered":"Chiusa questa notte la galleria Tempio di Giove a Terracina"},"content":{"rendered":"<div id=\"fb-root\"><\/div>\n<p style=\"text-align: justify;\"><strong>TERRACINA &#8211;<\/strong> Anas informa che dalle 23 di questa sera e fino alle 9 del mattino successivo scatter\u00e0 la chiusura temporanea della corsia sud della galleria \u201cTempio di Giove\u201d, a Terracina. La chiusura, decisa da un apposito tavolo tecnico tenutosi in Prefettura, si \u00e8 resa necessaria per consentire interventi urgenti di E-Distribuzione volti a prevenire eventuali interruzioni di corrente elettrica. Si \u00e8 scelta la notte in questione in virt\u00f9 della chiusura del Mof di Fondi, per contenere al massimo i disagi per la struttura. Il traffico verr\u00e0 deviato su Via Appia Nuova, mentre i veicoli provenienti da via Domiziana saranno deviati sulla Flacca.<\/p>\n","protected":false},"excerpt":{"rendered":"<p>TERRACINA &#8211; Anas informa che dalle 23 di questa sera e fino alle 9 del mattino successivo scatter\u00e0 la chiusura temporanea della corsia sud della galleria \u201cTempio di Giove\u201d, a Terracina. La chiusura, decisa da un apposito tavolo tecnico tenutosi in Prefettura, si \u00e8 resa necessaria per consentire interventi urgenti di E-Distribuzione volti a prevenire [&hellip;]<\/p>\n","protected":false},"author":60,"featured_media":0,"comment_status":"open","ping_status":"open","sticky":false,"template":"","format":"standard","meta":{"footnotes":""},"categories":[7],"tags":[],"class_list":["post-357017","post","type-post","status-publish","format-standard","hentry","category-cronaca"],"_links":{"self":[{"href":"https:\/\/www.radioluna.it\/news\/wp-json\/wp\/v2\/posts\/357017","targetHints":{"allow":["GET"]}}],"collection":[{"href":"https:\/\/www.radioluna.it\/news\/wp-json\/wp\/v2\/posts"}],"about":[{"href":"https:\/\/www.radioluna.it\/news\/wp-json\/wp\/v2\/types\/post"}],"author":[{"embeddable":true,"href":"https:\/\/www.radioluna.it\/news\/wp-json\/wp\/v2\/users\/60"}],"replies":[{"embeddable":true,"href":"https:\/\/www.radioluna.it\/news\/wp-json\/wp\/v2\/comments?post=357017"}],"version-history":[{"count":0,"href":"https:\/\/www.radioluna.it\/news\/wp-json\/wp\/v2\/posts\/357017\/revisions"}],"wp:attachment":[{"href":"https:\/\/www.radioluna.it\/news\/wp-json\/wp\/v2\/media?parent=357017"}],"wp:term":[{"taxonomy":"category","embeddable":true,"href":"https:\/\/www.radioluna.it\/news\/wp-json\/wp\/v2\/categories?post=357017"},{"taxonomy":"post_tag","embeddable":true,"href":"https:\/\/www.radioluna.it\/news\/wp-json\/wp\/v2\/tags?post=357017"}],"curies":[{"name":"wp","href":"https:\/\/api.w.org\/{rel}","templated":true}]}}