{"id":357028,"date":"2024-07-26T09:40:10","date_gmt":"2024-07-26T07:40:10","guid":{"rendered":"https:\/\/www.radioluna.it\/news\/?p=357028"},"modified":"2024-07-26T09:40:10","modified_gmt":"2024-07-26T07:40:10","slug":"a-sabaudia-torna-la-seconda-edizione-di-blu-comedy","status":"publish","type":"post","link":"https:\/\/www.radioluna.it\/news\/2024\/07\/a-sabaudia-torna-la-seconda-edizione-di-blu-comedy\/","title":{"rendered":"A Sabaudia torna la seconda edizione di Blu Comedy"},"content":{"rendered":"<div id=\"fb-root\"><\/div>\n<p style=\"text-align: justify;\"><strong>SABAUDIA<\/strong> &#8211; \u201cBLU COMEDY \u2013 il teatro in citt\u00e0\u201d \u00e8 la seconda edizione di un evento che strizza l\u2019occhio alla stand-up comedy. Un genere, quest\u2019ultimo, tornato alla ribalta grazie a una nuova generazione di comici e vive oggi una nuova et\u00e0 dell\u2019oro. Una forma di spettacolo dal vivo dove il \u201ccomico\u201d, il suo linguaggio colloquiale e l\u2019assenza della quarta parete, prevalgono. Il comico si esibisce in piedi davanti al pubblico, normalmente rivolgendosi direttamente ad esso. L\u2019artista che va in scena prende il nome di stand-up comedian. A differenza del cabaret o del variet\u00e0, questa forma d\u2019arte \u00e8 caratterizzata dalla sola presenza di un attore (massimo due), i cui temi vengono trattati con un piglio satirico, l\u2019artista \u00e8 autore di s\u00e9 stesso e ci\u00f2 attribuisce una maggiore veridicit\u00e0 a ci\u00f2 che egli dice sul palco e in generale alla sua performance. Nella maggior parte dei casi, ci\u00f2 che viene raccontato \u00e8 il proprio vissuto con tutte le sue sfumature, spesso drammatiche e opportunamente rielaborate per renderle divertenti.<\/p>\n<p style=\"text-align: justify;\">Ma non solo Stand Up al \u201cBlu Comedy\u201d, anche commedie leggere, divertenti. Commedie\u00a0brillanti che mescolano momenti esilaranti e lasciano spazio a riflessioni sulla storia dei grandi artisti, sulla natura, sul mondo. Un viaggio di quattro serate uniche nel loro genere, ricche di humor e giochi di parole che coinvolgono un pubblico attento, che ama condividere emozioni.<\/p>\n<p style=\"text-align: justify;\">\u201cLa commedia italiana \u00e8 questo: trattare con termini comici, divertenti, ironici, umoristici degli argomenti che sono invece drammatici. \u00c8 questo che distingue la commedia italiana da tutte le altre commedie\u201d<\/p>\n<p style=\"text-align: justify;\">Quattro serate, dal 28 al 31 luglio, presso il piccolo giardino di Palazzo Mazzoni (ex poste), dove il blu del palazzo, insieme alle luci sulla scena e il blu del crepuscolo, diventa il colore dominante di tutta la rassegna!<\/p>\n<p style=\"text-align: justify;\">Il sottotitolo \u201cIl teatro in citt\u00e0\u201d indica e amplifica l\u2019importanza di un luogo al centro della citt\u00e0. Un palazzo che nel nostro caso, ben si presta come scenario, come quinta naturale a cielo aperto, a creare quell\u2019atmosfera magica e coinvolgente: il Centro di documentazione Angiolo Mazzoni, scalinata esterne di via Piemonte 4. Opera architettonica della prima met\u00e0 del XX secolo che Angiolo realizz\u00f2 e di cui ne prende il nome.<\/p>\n<p style=\"text-align: justify;\">\u201cUn giorno senza sorriso \u00e8 un giorno perso\u201d recita una famosissima frase di Charlie Chaplin e molti\u00a0\u00a0 senza dubbio sono d\u2019accordo. Charlie \u00e8 stato uno straordinario artista del XX secolo, che con la sua comicit\u00e0 intrisa di malinconia ha saputo far ridere ma, allo stesso tempo, anche scatenare una riflessione sulla vita moderna. E dal nostro grido di battaglia \u201cRidere \u00e8 una cosa seria\u201d ne abbiamo voluto raccogliamo l\u2019eredit\u00e0 e la facciamo nostra. \u00c8 come dire che chi non ride mai non \u00e8 una persona seria. Si, vogliamo offrire al nostro pubblico un momento di leggerezza, divertimento, attraverso la comicit\u00e0 ma non solo.<\/p>\n<p style=\"text-align: justify;\">La rassegna fa parte della kermesse estiva organizzata dal Comune di Sabaudia ed in particolare dall&#8217;assessorato alla Cultura Turismo e Spettacolo diretto e coordinato dal Vicesindaco Giovanni Secci. A questa rassegna seguir\u00e0\u00a0 sulla scalinata dello stesso Centro \u201cMusica in Blu, dove il canto recita\u201d. L&#8217;assessore si \u00e8 dichiarato soddisfatto del grande flusso turistico che \u00e8 stato registrato in citt\u00e0, nell&#8217;ultimo weekend un trend favorevole che conferma il buon lavoro fatto.<\/p>\n<p style=\"text-align: justify;\">Curatore dell\u2019eventi \u00e8 Umberto Cappadocia, in collaborazione con Marcello Pastore<\/p>\n<p>Programma<\/p>\n<p>28\/07<\/p>\n<p>OSSESSIONATI<\/p>\n<p>con Lucia Ciardo, Serafino Iorli,<\/p>\n<p>Francesca Targa<\/p>\n<p>29\/07<\/p>\n<p>ALDO FABRIZI<\/p>\n<p>con Fabrizio Gaetani<\/p>\n<p>di F. Gaetani e F. Giannini<\/p>\n<p>30\/07<\/p>\n<p>IL SEQUESTRO DEGLI INNOCENTI<\/p>\n<p>con Mariano Viggiano, Salvatore Riggi,<\/p>\n<p>Giorgia Lunghi, Regia Dalila Aprile<\/p>\n<p>31\/07<\/p>\n<p>IN BOCCA A LUPO,<\/p>\n<p>VIVA IL LUPO<\/p>\n<p>con Massimo Wertm\u00fcller<\/p>\n<div class=\"radio-posizionamento-telefono-in-articoli-dopo-il-contenuto-articolo radio-entity-placement\" id=\"radio-764556765\"><div id=\"radio-614472707\" style=\"width: 300px;height: 250px;\"><a href=\"https:\/\/www.icarspa.it\/auto\/usate\/latina\/\" aria-label=\"banner aprile icar new life &#8211; auto usate latina\"><img loading=\"lazy\" decoding=\"async\" src=\"https:\/\/www.radioluna.it\/news\/wp-content\/uploads\/2026\/02\/banner-aprile-icar-new-life-auto-usate-latina.gif\" alt=\"\"  width=\"300\" height=\"250\"   \/><\/a><\/div><\/div>","protected":false},"excerpt":{"rendered":"<p>SABAUDIA &#8211; \u201cBLU COMEDY \u2013 il teatro in citt\u00e0\u201d \u00e8 la seconda edizione di un evento che strizza l\u2019occhio alla stand-up comedy. Un genere, quest\u2019ultimo, tornato alla ribalta grazie a una nuova generazione di comici e vive oggi una nuova et\u00e0 dell\u2019oro. Una forma di spettacolo dal vivo dove il \u201ccomico\u201d, il suo linguaggio colloquiale [&hellip;]<\/p>\n","protected":false},"author":60,"featured_media":0,"comment_status":"open","ping_status":"open","sticky":false,"template":"","format":"standard","meta":{"footnotes":""},"categories":[16,734],"tags":[],"class_list":["post-357028","post","type-post","status-publish","format-standard","hentry","category-appuntamenti","category-evidenza"],"_links":{"self":[{"href":"https:\/\/www.radioluna.it\/news\/wp-json\/wp\/v2\/posts\/357028","targetHints":{"allow":["GET"]}}],"collection":[{"href":"https:\/\/www.radioluna.it\/news\/wp-json\/wp\/v2\/posts"}],"about":[{"href":"https:\/\/www.radioluna.it\/news\/wp-json\/wp\/v2\/types\/post"}],"author":[{"embeddable":true,"href":"https:\/\/www.radioluna.it\/news\/wp-json\/wp\/v2\/users\/60"}],"replies":[{"embeddable":true,"href":"https:\/\/www.radioluna.it\/news\/wp-json\/wp\/v2\/comments?post=357028"}],"version-history":[{"count":0,"href":"https:\/\/www.radioluna.it\/news\/wp-json\/wp\/v2\/posts\/357028\/revisions"}],"wp:attachment":[{"href":"https:\/\/www.radioluna.it\/news\/wp-json\/wp\/v2\/media?parent=357028"}],"wp:term":[{"taxonomy":"category","embeddable":true,"href":"https:\/\/www.radioluna.it\/news\/wp-json\/wp\/v2\/categories?post=357028"},{"taxonomy":"post_tag","embeddable":true,"href":"https:\/\/www.radioluna.it\/news\/wp-json\/wp\/v2\/tags?post=357028"}],"curies":[{"name":"wp","href":"https:\/\/api.w.org\/{rel}","templated":true}]}}