{"id":357083,"date":"2024-07-28T06:19:32","date_gmt":"2024-07-28T04:19:32","guid":{"rendered":"https:\/\/www.radioluna.it\/news\/?p=357083"},"modified":"2024-07-30T14:02:40","modified_gmt":"2024-07-30T12:02:40","slug":"via-appia-regina-viarum-e-patrimonio-unesco","status":"publish","type":"post","link":"https:\/\/www.radioluna.it\/news\/2024\/07\/via-appia-regina-viarum-e-patrimonio-unesco\/","title":{"rendered":"\u201cVia Appia Regina Viarum\u201d \u00e8 Patrimonio Unesco"},"content":{"rendered":"<div id=\"fb-root\"><\/div>\n<p>LAZIO &#8211; La \u201cVia Appia. Regina Viarum\u201d \u00e8 il 60\u00b0 sito Unesco Italiano. L\u2019iscrizione \u00e8 arrivata dalla 46\u00b0 sessione del World Heritage Committee dell\u2019Agenzia delle Nazioni Unite, in corso a New Delhi.<\/p>\n<p>\u201cCi abbiamo creduto tanto come Provincia di Latina e il grande lavoro fatto con &#8220;Via Appia Regina Viarum&#8221; ci ha dato ragione \u2013 afferma il Presidente della Provincia Gerardo Stefanelli alla notizia\u00a0 &#8211; \u201cSiamo stati l\u2019unica Provincia a creare un sistema territoriale di coordinamento a sostegno della candidatura Unesco, con l\u2019istituzione di una Cabina di Regia con i tredici Comuni attraversati dall\u2019Appia. Insieme abbiamo lavorato alla costituzione di un nuovo modello di governance che contribuisse alla creazione di un\u2019identit\u00e0 condivisa,\u00a0 per l&#8217;Appia e il ricco patrimonio sviluppatosi nei secoli intorno alla sua storia. Lo abbiamo fatto creando una rete, tra istituzioni, associazioni e privati, promuovendo eventi diffusi e ponendoci come punto di riferimento territoriale. Abbiamo creato all\u2019interno del Bilancio provinciale una voce dedicata al progetto, che potesse sostenere le iniziative culturali ed incentivare lo sviluppo di nuove attivit\u00e0 comprensoriali.\u201d<\/p>\n<p>Con queste parole ricche di entusiasmo il Presidente Stefanelli ripercorre il lavoro svolto dall\u2019Ente nell\u2019ultimo anno, dalla firma del Protocollo il 10 gennaio 2023\u00a0 con 4 Regioni (Lazio, Campania, Basilicata, Puglia), 12 tra Province e Citt\u00e0 Metropolitane, 73 Comuni, 15 Parchi, la Pontificia Commissione di Archeologia Sacra e 25 Universit\u00e0 italiane e straniere, fino all\u2019istituzione della Cabina di Regia che ha visti coinvolti i 13 Comuni pontini di Cisterna di Latina, Latina, Norma, Sermoneta, Sezze, Pontinia, Terracina, Monte San Biagio, Fondi, Itri, Gaeta, Formia, Minturno<\/p>\n<p>Il progetto, coordinato dalla Amministrazione Provinciale, dall\u2019Ente di Area Vasta e dai Comuni del territorio, ha dato via a numerosi eventi\u00a0 sparsi sul territorio allo scopo di diffondere la storia e la cultura di questa straordinaria strada millenaria e dar vita ad un nuovo fervore in grado di unire\u00a0 le varie aree pontine e risvegliare un comune sentire che potesse trasformarsi in opportunit\u00e0 di crescita<\/p>\n<p>\u201cSiamo pronti da qui a sostenere i Comuni aderenti al nostro Protocollo d&#8217;Intesa ed \u00e9 nostra intenzione costruire un itinerario turistico locale in grado di valorizzare il nostro territorio. Lo faremo con la DMO, con la rete di parteners che abbiamo raccolto intorno a noi nei tanti eventi ed iniziative e, spero, anche con le istituzioni regionali, se lo vorranno. \u2013 continua Gerardo Stefanelli \u2013 \u201cDa qui inizia un nuovo percorso, un\u2019opportunit\u00e0 di crescita unica per la nostra Provincia che pu\u00f2 ambire a valorizzare la sua storia millenaria attraverso una nuova visione, sempre pi\u00f9 comprensoriale e proiettata verso il futuro. Continueremo a credere e ad investire sulla\u201d Via Appia Regina Viarum\u201d nella consapevolezza che la nostra storia e le nostre radici ci indicheranno ancora una volta la strada giusta per sostenere lo sviluppo o delle nostre comunit\u00e0.\u201d<\/p>\n<p>La Provincia di Latina sosterr\u00e0 economicamente i Comuni nella creazione e istallazione di tutta la cartellonistica che il prestigioso titolo richiede e nell\u2019espletamento degli adempimenti, ma sar\u00e0 anche impegnata nella creazione di un itinerario turistico dedicato, che accolga e raccolga la ricca e variegata storia di comuni tanto diversi, che sotto il nome della via che li ha uniti e continua a ricongiungerli potrebbero trovare un nuovo volano di sviluppo.<\/p>\n<p>\u201cL\u2019inserimento dell\u2019Appia &#8211; Regina Viarum &#8211; nella Lista del Patrimonio Mondiale dell\u2019Unesco \u00e8 una notizia storica, d\u2019importanza strategica per la promozione del nostro territorio che arriva alla vigilia del prossimo Giubileo &#8211; dice il sindaco di Latina Matilde Celentano &#8211; A beneficiare di questo riconoscimento, infatti, saranno anche la regione Lazio e la provincia di Latina.\u00a0\u00a0A settembre dello scorso anno, l\u2019assessore al Turismo Gianluca Di Cocco, su mia delega, partecip\u00f2 ad uno degli ultimi incontri con gli ispettori dell\u2019Unesco per consegnare la documentazione relativa a Latina, incentrata soprattutto sulle testimonianze archeologiche ancora presenti lungo l\u2019Appia, nel nostro territorio, con ipotesi progettuali di valorizzazione.\u00a0Con l\u2019Appia patrimonio dell\u2019umanit\u00e0, le nostre bellezze saranno collocate al centro di una vetrina internazionale. Ci sar\u00e0 spazio anche per le citt\u00e0 nuove.\u00a0\u00a0Il sistema culturale integrato \u2018Citt\u00e0 di Fondazione Agro Pontino e Romano\u2019, di cui il Comune di Latina \u00e8 capofila, ha ottenuto, appena una ventina di giorni fa, l\u2019accreditamento presso la Regione Lazio utile all\u2019assegnazione di finanziamenti per la valorizzazione del patrimonio artistico. Questo \u00e8 il momento di mettere a frutto tutte queste opportunit\u00e0. Ringrazio il Ministero della Cultura che per la prima volta ha proposto una candidatura Unesco, scegliendo proprio la Regina Viarum per l\u2019eccezionale valore universale, come ha sottolineato il ministro Gennaro Sangiuliano, di una straordinaria opera ingegneristica che nei secoli \u00e8 stata essenziale per gli scambi commerciali, sociali e culturali con il Mediterraneo e l\u2019Oriente. Ringrazio per il lavoro di squadra che ha consentito questo straordinario riconoscimento anche la Regione Lazio e il presidente della Provincia di Latina Gerardo Stefanelli per essersi interfacciato costantemente con le amministrazioni comunali nell\u2019ottica di una politica di Area Vasta, sempre costruttiva, di condivisione e partecipazione per il bene della nostra meravigliosa provincia \u201d.<\/p>\n<p>\u201cSiamo orgogliosi di far parte del percorso della via Appia riconosciuta a patrimonio mondiale UNESCO \u2013 commenta con legittima soddisfazione il sindaco Gianluca Taddeo &#8211; Sar\u00e0 fondamentale e soprattutto utile per rafforzare l\u2019offerta culturale, turistica, religiosa, elementi chiave per la crescita sociale ed economica. Formia entra a pieno titolo all\u2019interno di un circuito importantissimo, siamo fieri della nostra citt\u00e0 che rappresenta un grande tesoro da custodire e noi stiamo andando in questa direzione\u201d. \u201cQuesto passaggio &#8211; conclude Taddeo &#8211; va a rafforzare la nostra idea di valorizzare l\u2019antico camminamento che percorre la nostra citt\u00e0 come la Via Francigena che attraversa le vie di Formia e quindi l\u2019antica via Appia, via Rubino, via Lavanga, via Abate Tosti, oltre a tutti gli altri tracciati montani. Lavoreremo come Amministrazione per promuovere il cosiddetto \u2018turismo lento\u2019, che, valorizzando l\u2019offerta turistica e culturale, va a fondersi con quello religioso e con l\u2019obiettivo di realizzare un brand identitario e di riqualificazione attraverso diverse iniziative di promozione\u201d.<\/p>\n","protected":false},"excerpt":{"rendered":"<p>LAZIO &#8211; La \u201cVia Appia. Regina Viarum\u201d \u00e8 il 60\u00b0 sito Unesco Italiano. L\u2019iscrizione \u00e8 arrivata dalla 46\u00b0 sessione del World Heritage Committee dell\u2019Agenzia delle Nazioni Unite, in corso a New Delhi. \u201cCi abbiamo creduto tanto come Provincia di Latina e il grande lavoro fatto con &#8220;Via Appia Regina Viarum&#8221; ci ha dato ragione \u2013 [&hellip;]<\/p>\n","protected":false},"author":60,"featured_media":0,"comment_status":"open","ping_status":"open","sticky":false,"template":"","format":"standard","meta":{"footnotes":""},"categories":[15,2428],"tags":[],"class_list":["post-357083","post","type-post","status-publish","format-standard","hentry","category-cultura","category-primo-piano"],"_links":{"self":[{"href":"https:\/\/www.radioluna.it\/news\/wp-json\/wp\/v2\/posts\/357083","targetHints":{"allow":["GET"]}}],"collection":[{"href":"https:\/\/www.radioluna.it\/news\/wp-json\/wp\/v2\/posts"}],"about":[{"href":"https:\/\/www.radioluna.it\/news\/wp-json\/wp\/v2\/types\/post"}],"author":[{"embeddable":true,"href":"https:\/\/www.radioluna.it\/news\/wp-json\/wp\/v2\/users\/60"}],"replies":[{"embeddable":true,"href":"https:\/\/www.radioluna.it\/news\/wp-json\/wp\/v2\/comments?post=357083"}],"version-history":[{"count":0,"href":"https:\/\/www.radioluna.it\/news\/wp-json\/wp\/v2\/posts\/357083\/revisions"}],"wp:attachment":[{"href":"https:\/\/www.radioluna.it\/news\/wp-json\/wp\/v2\/media?parent=357083"}],"wp:term":[{"taxonomy":"category","embeddable":true,"href":"https:\/\/www.radioluna.it\/news\/wp-json\/wp\/v2\/categories?post=357083"},{"taxonomy":"post_tag","embeddable":true,"href":"https:\/\/www.radioluna.it\/news\/wp-json\/wp\/v2\/tags?post=357083"}],"curies":[{"name":"wp","href":"https:\/\/api.w.org\/{rel}","templated":true}]}}