{"id":357100,"date":"2024-07-29T08:10:57","date_gmt":"2024-07-29T06:10:57","guid":{"rendered":"https:\/\/www.radioluna.it\/news\/?p=357100"},"modified":"2024-07-29T14:57:22","modified_gmt":"2024-07-29T12:57:22","slug":"esodo-estivo-fine-settimana-di-fuoco-sulla-pontina-oltre-680mila-veicoli-in-transito","status":"publish","type":"post","link":"https:\/\/www.radioluna.it\/news\/2024\/07\/esodo-estivo-fine-settimana-di-fuoco-sulla-pontina-oltre-680mila-veicoli-in-transito\/","title":{"rendered":"Esodo estivo, fine settimana di fuoco sulla Pontina: oltre 680mila veicoli in transito"},"content":{"rendered":"<div id=\"fb-root\"><\/div>\n<p><strong>LATINA<\/strong> &#8211; Primo grande week end di partenze sulla rete stradale e autostradale di Anas (Gruppo FS Italiane). Rispettate le previsioni sull\u2019aumento dei flussi veicolari dovuti agli spostamenti per l\u2019esodo estivo che ha visto Anas potenziare l\u2019impegno del personale su tutto il territorio nazionale e ha limitato la presenza dei cantieri. Lungo la rete Anas, nel fine settimana, il maggiore incremento di traffico \u00e8 stato registrato nella giornata di venerd\u00ec (+9% rispetto alla giornata di ieri), e si \u00e8 concentrato nelle ore diurne tra le 8:00 e le 18:00.<\/p>\n<p>Sono stati oltre 680 mila i veicoli di passaggio lungo la statale 148 \u201cPontina\u201d.<\/p>\n<p>&nbsp;<\/p>\n<p>&nbsp;<\/p>\n<div class=\"radio-posizionamento-telefono-in-articoli-dopo-il-contenuto-articolo radio-entity-placement\" id=\"radio-701297503\"><div id=\"radio-4270675658\"><a href=\"https:\/\/www.simeoneceramiche.com\/\" aria-label=\"SIMEONE CERAMICHE GIF animata per radioluna_Tavola disegno 1 copia 2 (online-video-cutter.com)\"><img loading=\"lazy\" decoding=\"async\" src=\"https:\/\/www.radioluna.it\/news\/wp-content\/uploads\/2025\/05\/SIMEONE-CERAMICHE-GIF-animata-per-radioluna_Tavola-disegno-1-copia-2-online-video-cutter.com_.gif\" alt=\"\"  width=\"300\" height=\"250\"   \/><\/a><\/div><\/div>","protected":false},"excerpt":{"rendered":"<p>LATINA &#8211; Primo grande week end di partenze sulla rete stradale e autostradale di Anas (Gruppo FS Italiane). Rispettate le previsioni sull\u2019aumento dei flussi veicolari dovuti agli spostamenti per l\u2019esodo estivo che ha visto Anas potenziare l\u2019impegno del personale su tutto il territorio nazionale e ha limitato la presenza dei cantieri. Lungo la rete Anas, [&hellip;]<\/p>\n","protected":false},"author":62,"featured_media":0,"comment_status":"open","ping_status":"open","sticky":false,"template":"","format":"standard","meta":{"footnotes":""},"categories":[7,2428],"tags":[],"class_list":["post-357100","post","type-post","status-publish","format-standard","hentry","category-cronaca","category-primo-piano"],"_links":{"self":[{"href":"https:\/\/www.radioluna.it\/news\/wp-json\/wp\/v2\/posts\/357100","targetHints":{"allow":["GET"]}}],"collection":[{"href":"https:\/\/www.radioluna.it\/news\/wp-json\/wp\/v2\/posts"}],"about":[{"href":"https:\/\/www.radioluna.it\/news\/wp-json\/wp\/v2\/types\/post"}],"author":[{"embeddable":true,"href":"https:\/\/www.radioluna.it\/news\/wp-json\/wp\/v2\/users\/62"}],"replies":[{"embeddable":true,"href":"https:\/\/www.radioluna.it\/news\/wp-json\/wp\/v2\/comments?post=357100"}],"version-history":[{"count":1,"href":"https:\/\/www.radioluna.it\/news\/wp-json\/wp\/v2\/posts\/357100\/revisions"}],"predecessor-version":[{"id":357101,"href":"https:\/\/www.radioluna.it\/news\/wp-json\/wp\/v2\/posts\/357100\/revisions\/357101"}],"wp:attachment":[{"href":"https:\/\/www.radioluna.it\/news\/wp-json\/wp\/v2\/media?parent=357100"}],"wp:term":[{"taxonomy":"category","embeddable":true,"href":"https:\/\/www.radioluna.it\/news\/wp-json\/wp\/v2\/categories?post=357100"},{"taxonomy":"post_tag","embeddable":true,"href":"https:\/\/www.radioluna.it\/news\/wp-json\/wp\/v2\/tags?post=357100"}],"curies":[{"name":"wp","href":"https:\/\/api.w.org\/{rel}","templated":true}]}}