{"id":357176,"date":"2024-07-30T07:12:46","date_gmt":"2024-07-30T05:12:46","guid":{"rendered":"https:\/\/www.radioluna.it\/news\/?p=357176"},"modified":"2024-07-30T08:56:39","modified_gmt":"2024-07-30T06:56:39","slug":"calcio-la-lega-pro-pubblica-date-e-orari-dei-primi-sette-turni","status":"publish","type":"post","link":"https:\/\/www.radioluna.it\/news\/2024\/07\/calcio-la-lega-pro-pubblica-date-e-orari-dei-primi-sette-turni\/","title":{"rendered":"Calcio, la Lega Pro pubblica date e orari dei primi sette turni"},"content":{"rendered":"<div id=\"fb-root\"><\/div>\n<p style=\"text-align: justify;\"><strong>LATINA &#8211;<\/strong> La Lega Pro ha pubblicato date e orari dei primi 7 turni del nuovo campionato che per il quarto anno consecutivo vedr\u00e0 il Latina ai nastri di partenza. Il primo turno vedr\u00e0 i nerazzurri impegnati in casa ma nell\u2019anticipo del venerd\u00ec sera: contro la Casertana al Francioni si giocher\u00e0 infatti il 23 agosto alle 20.45. Di venerd\u00ec sera anche il secondo impegno a Taranto, il 30 agosto, mentre la terza giornata in casa della Turris si giocher\u00e0 sabato 7 settembre, sempre alle 20.45. Orario identico per la quarta giornata, al Francioni contro il Foggia, ma nella data di luned\u00ec 16 settembre.<\/p>\n<div class=\"radio-posizionamento-telefono-in-articoli-dopo-il-contenuto-articolo radio-entity-placement\" id=\"radio-8805709\"><div id=\"radio-3910525381\"><a href=\"https:\/\/grupporedi.it\/\" aria-label=\"Redi-Qr\"><img loading=\"lazy\" decoding=\"async\" src=\"https:\/\/www.radioluna.it\/news\/wp-content\/uploads\/2026\/03\/Redi-Qr.jpg\" alt=\"\"  srcset=\"https:\/\/www.radioluna.it\/news\/wp-content\/uploads\/2026\/03\/Redi-Qr.jpg 800w, https:\/\/www.radioluna.it\/news\/wp-content\/uploads\/2026\/03\/Redi-Qr-768x639.jpg 768w\" sizes=\"(max-width: 800px) 100vw, 800px\" width=\"300\" height=\"250\"   \/><\/a><\/div><\/div>","protected":false},"excerpt":{"rendered":"<p>LATINA &#8211; La Lega Pro ha pubblicato date e orari dei primi 7 turni del nuovo campionato che per il quarto anno consecutivo vedr\u00e0 il Latina ai nastri di partenza. Il primo turno vedr\u00e0 i nerazzurri impegnati in casa ma nell\u2019anticipo del venerd\u00ec sera: contro la Casertana al Francioni si giocher\u00e0 infatti il 23 agosto [&hellip;]<\/p>\n","protected":false},"author":5430,"featured_media":0,"comment_status":"open","ping_status":"open","sticky":false,"template":"","format":"standard","meta":{"footnotes":""},"categories":[2428,17],"tags":[],"class_list":["post-357176","post","type-post","status-publish","format-standard","hentry","category-primo-piano","category-sport"],"_links":{"self":[{"href":"https:\/\/www.radioluna.it\/news\/wp-json\/wp\/v2\/posts\/357176","targetHints":{"allow":["GET"]}}],"collection":[{"href":"https:\/\/www.radioluna.it\/news\/wp-json\/wp\/v2\/posts"}],"about":[{"href":"https:\/\/www.radioluna.it\/news\/wp-json\/wp\/v2\/types\/post"}],"author":[{"embeddable":true,"href":"https:\/\/www.radioluna.it\/news\/wp-json\/wp\/v2\/users\/5430"}],"replies":[{"embeddable":true,"href":"https:\/\/www.radioluna.it\/news\/wp-json\/wp\/v2\/comments?post=357176"}],"version-history":[{"count":0,"href":"https:\/\/www.radioluna.it\/news\/wp-json\/wp\/v2\/posts\/357176\/revisions"}],"wp:attachment":[{"href":"https:\/\/www.radioluna.it\/news\/wp-json\/wp\/v2\/media?parent=357176"}],"wp:term":[{"taxonomy":"category","embeddable":true,"href":"https:\/\/www.radioluna.it\/news\/wp-json\/wp\/v2\/categories?post=357176"},{"taxonomy":"post_tag","embeddable":true,"href":"https:\/\/www.radioluna.it\/news\/wp-json\/wp\/v2\/tags?post=357176"}],"curies":[{"name":"wp","href":"https:\/\/api.w.org\/{rel}","templated":true}]}}