{"id":357189,"date":"2024-07-30T11:52:00","date_gmt":"2024-07-30T09:52:00","guid":{"rendered":"https:\/\/www.radioluna.it\/news\/?p=357189"},"modified":"2024-07-30T11:52:00","modified_gmt":"2024-07-30T09:52:00","slug":"pacchetti-vacanze-per-persone-con-disabilita-prorogati-i-termini-per-le-domande","status":"publish","type":"post","link":"https:\/\/www.radioluna.it\/news\/2024\/07\/pacchetti-vacanze-per-persone-con-disabilita-prorogati-i-termini-per-le-domande\/","title":{"rendered":"Pacchetti vacanze per persone con disabilit\u00e0, prorogati i termini per le domande"},"content":{"rendered":"<div id=\"fb-root\"><\/div>\n<p><strong>LAZIO &#8211;<\/strong>\u00a0Sono stati prorogati i termini per la presentazione delle domande per poter usufruire dei \u201cpacchetti vacanza\u201d dedicati alle persone con disabilit\u00e0 messi a disposizione dalla Regione Lazio per il 2024.<\/p>\n<p>Il nuovo termine per fare richiesta \u00e8 fissato al 31 agosto 2024 e lo svolgimento del soggiorno estivo potr\u00e0 essere effettuato fino al 30 settembre 2024.<\/p>\n<p>\u00abL\u2019avviso ha una dotazione di 2,5 milioni di euro ed \u00e8 diretto a persone con disabilit\u00e0 lieve o grave che avranno la possibilit\u00e0 di svolgere soggiorni estivi con attivit\u00e0 specifiche, articolate e dimensionate in gruppo, in funzione del grado della disabilit\u00e0 della persona coinvolta\u00bb, dichiara l\u2019assessore all&#8217;Inclusione sociale e ai Servizi alla Persona, Massimiliano Maselli.<\/p>\n<p>L\u2019avviso pubblico prevede che ogni Ente del Terzo Settore possa presentare fino a tre domande per la realizzazione di soggiorni con gruppi di massimo quattro persone. Inoltre, i soggiorni dovranno essere realizzati in strutture ricettive nello Stato italiano e avere una durata minima di 7 giorni e 6 notti, prevedendo attivit\u00e0 per i partecipanti.<\/p>\n<p>Il soggiorno dovr\u00e0 svolgersi presso strutture ricettive iscritte al registro imprese o comunque che esercitino abitualmente questo tipo di attivit\u00e0. Non potr\u00e0 svolgersi presso abitazioni private, anche se adibite saltuariamente a fini ricettivi.<\/p>\n","protected":false},"excerpt":{"rendered":"<p>LAZIO &#8211;\u00a0Sono stati prorogati i termini per la presentazione delle domande per poter usufruire dei \u201cpacchetti vacanza\u201d dedicati alle persone con disabilit\u00e0 messi a disposizione dalla Regione Lazio per il 2024. Il nuovo termine per fare richiesta \u00e8 fissato al 31 agosto 2024 e lo svolgimento del soggiorno estivo potr\u00e0 essere effettuato fino al 30 [&hellip;]<\/p>\n","protected":false},"author":60,"featured_media":235003,"comment_status":"open","ping_status":"open","sticky":false,"template":"","format":"standard","meta":{"footnotes":""},"categories":[734,8],"tags":[],"class_list":["post-357189","post","type-post","status-publish","format-standard","has-post-thumbnail","hentry","category-evidenza","category-politica"],"_links":{"self":[{"href":"https:\/\/www.radioluna.it\/news\/wp-json\/wp\/v2\/posts\/357189","targetHints":{"allow":["GET"]}}],"collection":[{"href":"https:\/\/www.radioluna.it\/news\/wp-json\/wp\/v2\/posts"}],"about":[{"href":"https:\/\/www.radioluna.it\/news\/wp-json\/wp\/v2\/types\/post"}],"author":[{"embeddable":true,"href":"https:\/\/www.radioluna.it\/news\/wp-json\/wp\/v2\/users\/60"}],"replies":[{"embeddable":true,"href":"https:\/\/www.radioluna.it\/news\/wp-json\/wp\/v2\/comments?post=357189"}],"version-history":[{"count":0,"href":"https:\/\/www.radioluna.it\/news\/wp-json\/wp\/v2\/posts\/357189\/revisions"}],"wp:featuredmedia":[{"embeddable":true,"href":"https:\/\/www.radioluna.it\/news\/wp-json\/wp\/v2\/media\/235003"}],"wp:attachment":[{"href":"https:\/\/www.radioluna.it\/news\/wp-json\/wp\/v2\/media?parent=357189"}],"wp:term":[{"taxonomy":"category","embeddable":true,"href":"https:\/\/www.radioluna.it\/news\/wp-json\/wp\/v2\/categories?post=357189"},{"taxonomy":"post_tag","embeddable":true,"href":"https:\/\/www.radioluna.it\/news\/wp-json\/wp\/v2\/tags?post=357189"}],"curies":[{"name":"wp","href":"https:\/\/api.w.org\/{rel}","templated":true}]}}