{"id":357197,"date":"2024-07-30T14:01:07","date_gmt":"2024-07-30T12:01:07","guid":{"rendered":"https:\/\/www.radioluna.it\/news\/?p=357197"},"modified":"2024-07-30T14:02:04","modified_gmt":"2024-07-30T12:02:04","slug":"terracina-teatro-e-musica-in-piazza-del-municipio","status":"publish","type":"post","link":"https:\/\/www.radioluna.it\/news\/2024\/07\/terracina-teatro-e-musica-in-piazza-del-municipio\/","title":{"rendered":"Terracina, teatro e musica in Piazza del Municipio"},"content":{"rendered":"<div id=\"fb-root\"><\/div>\n<p style=\"text-align: justify;\"><strong><img loading=\"lazy\" decoding=\"async\" class=\" wp-image-357199 alignleft\" src=\"https:\/\/www.radioluna.it\/news\/wp-content\/uploads\/2024\/07\/TERRACINA_PROGRAMMA-GENERALE-1.jpg\" alt=\"\" width=\"419\" height=\"593\" srcset=\"https:\/\/www.radioluna.it\/news\/wp-content\/uploads\/2024\/07\/TERRACINA_PROGRAMMA-GENERALE-1.jpg 842w, https:\/\/www.radioluna.it\/news\/wp-content\/uploads\/2024\/07\/TERRACINA_PROGRAMMA-GENERALE-1-768x1086.jpg 768w\" sizes=\"auto, (max-width: 419px) 100vw, 419px\" \/>TERRACINA<\/strong> &#8211; All&#8217;interno del processo di valorizzazione culturale e turistica avviato dall&#8217;Assessorato alla Cultura della Citt\u00e0 di Terracina, l&#8217;Amministrazione e ATCL, circuito multidisciplinare del Lazio sostenuto da MIC \u2013 Ministero della Cultura e Regione Lazio, propongono tre eventi di grande livello con performance di teatro e musica. Il primo appuntamento \u00e8 in programma sabato 3 agosto alle ore 21:00 nella splendida cornice di Piazza Municipio, dove ad esibirsi sar\u00e0 Corrado Tedeschi con il suo spettacolo \u201cL&#8217;uomo che amava le donne\u201d.<br \/>\nUna performance straordinaria in grado di far rivivere con passione e ironia alcuni passaggi del capolavoro di Truffaut, &#8220;L&#8217;homme qui aimait les femmes&#8221; in cui il protagonista Bertrande Morane, un ingegnere esperto di meccanica, dedica la sua vita all&#8217;amore infinito che prova verso le donne, un modo per riscattare l&#8217;affetto che sua madre non era mai stata capace di offrigli.<br \/>\nTedeschi in scena, come Bertrande nel film di Truffaut, scopre che la donna ama in un modo molto pi\u00f9 universale rispetto all&#8217;uomo e che, di conseguenza, non \u00e8 difficile innamorarsi di una donna, \u00e8 difficile amarla. Entrambi, dunque, non appartengono alla categoria dei Don Giovanni n\u00e9 a quella dei Casanova, non respirano il piacere della conquista fine a s\u00e9 stessa o la seduzione finalizzata al solo raggiungimento del piacere carnale, in loro si respira il desiderio di amare l&#8217;amore in ogni sua forma, con la leggerezza e l&#8217;ingenuit\u00e0 di un bambino.<\/p>\n<p style=\"text-align: justify;\">Nel centenario della morte di Giacomo Puccini, la rassegna prosegue venerd\u00ec 9 agosto alle ore 21:00, sempre in Piazza Municipio con \u201cLe eroine di Puccini\u201d. Fra i grandi operisti \u00e8 stato definito da molti come il pi\u00f9 delicato lettore ed interprete del mondo femminile, da altri come un sadico celato in guanti di seta. Questa seconda lettura della sua arte \u00e8 giustificata dalla fine terribile che designa a molte delle sue protagoniste: morte via via per tisi, per sete e consunzione, addirittura suicide e comunque infelici e disperate. La tragica protagonista di \u201cMadama Butterfly\u201d \u00e8 solo uno dei grandi personaggi femminili dell\u2019opera pucciniana. Tosca, Mim\u00ec, Manon, Suor Angelica e altre: tragiche sentimentali figure da sogno. Figure fragili e decise, vittime di contrasti etici e culturali, principesse glaciali e regine da operetta: non emerge solo la tragicit\u00e0 di Madama Butterfly nel folto pantheon di Eroine Pucciniane. Sul palco, a dar vita a questa straordinaria rappresentazione, la Soprano Maria Tomassi, accompagnata al pianoforte da Kozeta Prifti e dalla voce narrante di Andrea Tarantino.<\/p>\n<p style=\"text-align: justify;\">Per il terzo ed ultimo evento dovremo attendere il 12 ottobre alle ore 21:00. Nel Complesso Monumentale di San Domenico saremo avvolti dalle profonde sonorit\u00e0 della Fondazione Accademia Musicale Chigiana con il \u201cConcerto duo flauto e pianoforte\u201d.<br \/>\nL\u2019Accademia Musicale Chigiana, una delle pi\u00f9 prestigiose istituzioni musicali italiane, \u00e8 nata nel 1932 per volont\u00e0 del Conte Guido Chigi Saracini e rappresenta da quasi un secolo uno dei crocevia pi\u00f9 importanti per la formazione e la crescita artistica dei nuovi talenti musicali. Saranno due dei massimi esponenti dell&#8217;Accademia, Luigi Pecchia al pianoforte &#8211; docente presso il Conservatorio di Musica \u201cL. Refice\u201d di Frosinone &#8211; e Flavio Serafini al flauto &#8211; 1\u00b0 premio al prestigioso concorso flautistico internazionale \u201cSeverino Gazzelloni\u201d &#8211; ad accompagnarci in una serata unica ed emozionante.<\/p>\n<p style=\"text-align: justify;\">\u201cLe emozioni che solo il teatro e la musica alta possono dare saranno le protagoniste di questi tre appuntamenti di grande livello, che vanno ad impreziosire il nostro calendario di eventi che abbiamo pensato per raggiungere tutti\u201d, il commento dell\u2019Assessore alla Cultura, al Turismo e ai Grandi Eventi Alessandra Feudi.<\/p>\n<p style=\"text-align: justify;\">\u201cUn programma che rispetta quello che continua ad essere il nostro obiettivo: aprire la nostra Citt\u00e0 ad un calendario di eventi per tutto l\u2019anno grazie anche alle nostre bellezze uniche e straordinarie, dal Foro Emiliano al Complesso di San Domenico, che faranno ancora da palcoscenico\u201d, il commento del Sindaco di Terracina, Francesco Giannetti.<\/p>\n<p>&nbsp;<\/p>\n","protected":false},"excerpt":{"rendered":"<p>TERRACINA &#8211; All&#8217;interno del processo di valorizzazione culturale e turistica avviato dall&#8217;Assessorato alla Cultura della Citt\u00e0 di Terracina, l&#8217;Amministrazione e ATCL, circuito multidisciplinare del Lazio sostenuto da MIC \u2013 Ministero della Cultura e Regione Lazio, propongono tre eventi di grande livello con performance di teatro e musica. Il primo appuntamento \u00e8 in programma sabato 3 [&hellip;]<\/p>\n","protected":false},"author":60,"featured_media":357200,"comment_status":"open","ping_status":"open","sticky":false,"template":"","format":"standard","meta":{"footnotes":""},"categories":[16,734],"tags":[],"class_list":["post-357197","post","type-post","status-publish","format-standard","has-post-thumbnail","hentry","category-appuntamenti","category-evidenza"],"_links":{"self":[{"href":"https:\/\/www.radioluna.it\/news\/wp-json\/wp\/v2\/posts\/357197","targetHints":{"allow":["GET"]}}],"collection":[{"href":"https:\/\/www.radioluna.it\/news\/wp-json\/wp\/v2\/posts"}],"about":[{"href":"https:\/\/www.radioluna.it\/news\/wp-json\/wp\/v2\/types\/post"}],"author":[{"embeddable":true,"href":"https:\/\/www.radioluna.it\/news\/wp-json\/wp\/v2\/users\/60"}],"replies":[{"embeddable":true,"href":"https:\/\/www.radioluna.it\/news\/wp-json\/wp\/v2\/comments?post=357197"}],"version-history":[{"count":1,"href":"https:\/\/www.radioluna.it\/news\/wp-json\/wp\/v2\/posts\/357197\/revisions"}],"predecessor-version":[{"id":357201,"href":"https:\/\/www.radioluna.it\/news\/wp-json\/wp\/v2\/posts\/357197\/revisions\/357201"}],"wp:featuredmedia":[{"embeddable":true,"href":"https:\/\/www.radioluna.it\/news\/wp-json\/wp\/v2\/media\/357200"}],"wp:attachment":[{"href":"https:\/\/www.radioluna.it\/news\/wp-json\/wp\/v2\/media?parent=357197"}],"wp:term":[{"taxonomy":"category","embeddable":true,"href":"https:\/\/www.radioluna.it\/news\/wp-json\/wp\/v2\/categories?post=357197"},{"taxonomy":"post_tag","embeddable":true,"href":"https:\/\/www.radioluna.it\/news\/wp-json\/wp\/v2\/tags?post=357197"}],"curies":[{"name":"wp","href":"https:\/\/api.w.org\/{rel}","templated":true}]}}