{"id":357267,"date":"2024-07-31T09:04:22","date_gmt":"2024-07-31T07:04:22","guid":{"rendered":"https:\/\/www.radioluna.it\/news\/?p=357267"},"modified":"2024-07-31T09:04:22","modified_gmt":"2024-07-31T07:04:22","slug":"e-nato-matteo-figlio-della-fotografa-paola-libralato-e-di-gianluca-bonaldo","status":"publish","type":"post","link":"https:\/\/www.radioluna.it\/news\/2024\/07\/e-nato-matteo-figlio-della-fotografa-paola-libralato-e-di-gianluca-bonaldo\/","title":{"rendered":"E&#8217; nato Matteo, figlio della fotografa Paola Libralato e di Gianluca Bonaldo"},"content":{"rendered":"<div id=\"fb-root\"><\/div>\n<p style=\"text-align: justify;\"><strong>LATINA &#8211;\u00a0 <\/strong>E&#8217; nato Matteo, figlio di Paola Libralato e di Gianluca Bonaldo.\u00a0 Il piccolo, poco pi\u00f9 di tre chili di peso, \u00e8 venuto alla luce all&#8217;ospedale Santa Maria Goretti di Latina alle 17,35 di marted\u00ec 30 luglio. Paola, fotografa professionista con una passione particolare per le foto sportive (ha seguito fra l&#8217;altro Latina Calcio, Top Volley Cisterna e Divisione calcio a cinque) \u00e8 stata per una volta\u00a0 \u00a0protagonista dall&#8217;altra parte dell&#8217;obiettivo, immortalata subito dopo la nascita del suo piccolo, dal pap\u00e0 Paolo Libralato. A Matteo, ai suoi genitori, e a tutti, tanti auguri da tutta la redazione.<\/p>\n","protected":false},"excerpt":{"rendered":"<p>LATINA &#8211;\u00a0 E&#8217; nato Matteo, figlio di Paola Libralato e di Gianluca Bonaldo.\u00a0 Il piccolo, poco pi\u00f9 di tre chili di peso, \u00e8 venuto alla luce all&#8217;ospedale Santa Maria Goretti di Latina alle 17,35 di marted\u00ec 30 luglio. Paola, fotografa professionista con una passione particolare per le foto sportive (ha seguito fra l&#8217;altro Latina Calcio, [&hellip;]<\/p>\n","protected":false},"author":60,"featured_media":357283,"comment_status":"open","ping_status":"open","sticky":false,"template":"","format":"standard","meta":{"footnotes":""},"categories":[16,734],"tags":[],"class_list":["post-357267","post","type-post","status-publish","format-standard","has-post-thumbnail","hentry","category-appuntamenti","category-evidenza"],"_links":{"self":[{"href":"https:\/\/www.radioluna.it\/news\/wp-json\/wp\/v2\/posts\/357267","targetHints":{"allow":["GET"]}}],"collection":[{"href":"https:\/\/www.radioluna.it\/news\/wp-json\/wp\/v2\/posts"}],"about":[{"href":"https:\/\/www.radioluna.it\/news\/wp-json\/wp\/v2\/types\/post"}],"author":[{"embeddable":true,"href":"https:\/\/www.radioluna.it\/news\/wp-json\/wp\/v2\/users\/60"}],"replies":[{"embeddable":true,"href":"https:\/\/www.radioluna.it\/news\/wp-json\/wp\/v2\/comments?post=357267"}],"version-history":[{"count":1,"href":"https:\/\/www.radioluna.it\/news\/wp-json\/wp\/v2\/posts\/357267\/revisions"}],"predecessor-version":[{"id":357284,"href":"https:\/\/www.radioluna.it\/news\/wp-json\/wp\/v2\/posts\/357267\/revisions\/357284"}],"wp:featuredmedia":[{"embeddable":true,"href":"https:\/\/www.radioluna.it\/news\/wp-json\/wp\/v2\/media\/357283"}],"wp:attachment":[{"href":"https:\/\/www.radioluna.it\/news\/wp-json\/wp\/v2\/media?parent=357267"}],"wp:term":[{"taxonomy":"category","embeddable":true,"href":"https:\/\/www.radioluna.it\/news\/wp-json\/wp\/v2\/categories?post=357267"},{"taxonomy":"post_tag","embeddable":true,"href":"https:\/\/www.radioluna.it\/news\/wp-json\/wp\/v2\/tags?post=357267"}],"curies":[{"name":"wp","href":"https:\/\/api.w.org\/{rel}","templated":true}]}}