{"id":357858,"date":"2024-08-08T11:19:40","date_gmt":"2024-08-08T09:19:40","guid":{"rendered":"https:\/\/www.radioluna.it\/news\/?p=357858"},"modified":"2024-08-09T10:45:11","modified_gmt":"2024-08-09T08:45:11","slug":"alla-latina-film-commission-si-cercano-comparse-per-un-film-western","status":"publish","type":"post","link":"https:\/\/www.radioluna.it\/news\/2024\/08\/alla-latina-film-commission-si-cercano-comparse-per-un-film-western\/","title":{"rendered":"Alla Latina Film Commission si cercano comparse per un film Western"},"content":{"rendered":"<div id=\"fb-root\"><\/div>\n<p style=\"text-align: justify;\"><strong>LATINA &#8211;<\/strong> La Ring Film cerca comparse per la sua nuova produzione cinematografica dal titolo \u201cTesta o Croce?\u201d. La chiamata \u00e8 rivolta a uomini tra i 30 e i 75 anni con volti segnati, antichi e interessanti, per interpretare i ruoli di contadini, operai e cacciatori. Non saranno ammesse persone con doppi tagli, sopracciglia rifatte, tatuaggi su viso e braccia, ritocchi estetici di vario genere e capelli tinti.<\/p>\n<p style=\"text-align: justify;\">Gli interessanti, aventi i requisiti suindicati, potranno partecipare al casting recandosi presso i locali della Latina Film Commission, siti in via SS dei Monti Lepini 156, a Latina (c\/o Expo &#8211; ex Rossi Sud), mercoled\u00ec 28 agosto dalle ore 17.00 alle ore 21.00.<\/p>\n<p style=\"text-align: justify;\">Le riprese avverranno nella seconda met\u00e0 di settembre nella provincia di Latina. Il film \u00e8 di genere western e sar\u00e0 diretto da Matteo Zoppis e Rigo De Righi.<\/p>\n<p style=\"text-align: justify;\">A chi \u00e8 impossibilitato a presenziare, la produzione, in via del tutto eccezionale, da la possibilit\u00e0 di candidarsi inviando due foto recenti e a colori (primo piano e figura intera), insieme a nome e cognome, residenza e numero di telefono alla mail <a href=\"mailto:castingtestaocroce@gmail.com\">castingtestaocroce@gmail.com<\/a>.<\/p>\n<p style=\"text-align: justify;\"><em>\u201cSi lavora instancabilmente per promuovere il nostro territorio quale terra di cinema e sono davvero contento che ci siano cos\u00ec tante produzioni legate alla nostra provincia, che la scelgono per i suoi scenari cos\u00ec eterogenei ma soprattutto perch\u00e9 riconoscono in lei un luogo dove poter lavorare in serenit\u00e0, lontano dal caos della capitale e con il supporto della Latina Film Commission. Noi facciamo il massimo per poter alleggerire il lavoro, affrancandoli dalle incombenze burocratiche richieste dalle amministrazioni comunali e sostenendoli con professionisti e servizi locali degni di nota. Ma il merito pi\u00f9 grande va a questa nostra terra, che ci regala ogni volta nuove scoperte e grandi emozioni\u201d,<\/em> il commento del direttore della Latina Film Commission, Rino Piccolo.<\/p>\n","protected":false},"excerpt":{"rendered":"<p>LATINA &#8211; La Ring Film cerca comparse per la sua nuova produzione cinematografica dal titolo \u201cTesta o Croce?\u201d. La chiamata \u00e8 rivolta a uomini tra i 30 e i 75 anni con volti segnati, antichi e interessanti, per interpretare i ruoli di contadini, operai e cacciatori. Non saranno ammesse persone con doppi tagli, sopracciglia rifatte, [&hellip;]<\/p>\n","protected":false},"author":60,"featured_media":318741,"comment_status":"open","ping_status":"open","sticky":false,"template":"","format":"standard","meta":{"footnotes":""},"categories":[16],"tags":[],"class_list":["post-357858","post","type-post","status-publish","format-standard","has-post-thumbnail","hentry","category-appuntamenti"],"_links":{"self":[{"href":"https:\/\/www.radioluna.it\/news\/wp-json\/wp\/v2\/posts\/357858","targetHints":{"allow":["GET"]}}],"collection":[{"href":"https:\/\/www.radioluna.it\/news\/wp-json\/wp\/v2\/posts"}],"about":[{"href":"https:\/\/www.radioluna.it\/news\/wp-json\/wp\/v2\/types\/post"}],"author":[{"embeddable":true,"href":"https:\/\/www.radioluna.it\/news\/wp-json\/wp\/v2\/users\/60"}],"replies":[{"embeddable":true,"href":"https:\/\/www.radioluna.it\/news\/wp-json\/wp\/v2\/comments?post=357858"}],"version-history":[{"count":0,"href":"https:\/\/www.radioluna.it\/news\/wp-json\/wp\/v2\/posts\/357858\/revisions"}],"wp:featuredmedia":[{"embeddable":true,"href":"https:\/\/www.radioluna.it\/news\/wp-json\/wp\/v2\/media\/318741"}],"wp:attachment":[{"href":"https:\/\/www.radioluna.it\/news\/wp-json\/wp\/v2\/media?parent=357858"}],"wp:term":[{"taxonomy":"category","embeddable":true,"href":"https:\/\/www.radioluna.it\/news\/wp-json\/wp\/v2\/categories?post=357858"},{"taxonomy":"post_tag","embeddable":true,"href":"https:\/\/www.radioluna.it\/news\/wp-json\/wp\/v2\/tags?post=357858"}],"curies":[{"name":"wp","href":"https:\/\/api.w.org\/{rel}","templated":true}]}}