{"id":357881,"date":"2024-08-08T16:31:13","date_gmt":"2024-08-08T14:31:13","guid":{"rendered":"https:\/\/www.radioluna.it\/news\/?p=357881"},"modified":"2024-08-08T16:31:13","modified_gmt":"2024-08-08T14:31:13","slug":"sanita-territoriale-e-pnrr-la-relazione-della-commissaria-cenciarelli-alla-conferenza-dei-sindaci","status":"publish","type":"post","link":"https:\/\/www.radioluna.it\/news\/2024\/08\/sanita-territoriale-e-pnrr-la-relazione-della-commissaria-cenciarelli-alla-conferenza-dei-sindaci\/","title":{"rendered":"Sanit\u00e0 territoriale e Pnrr, la relazione della commissaria Cenciarelli alla Conferenza dei Sindaci"},"content":{"rendered":"<div id=\"fb-root\"><\/div>\n<p style=\"text-align: justify;\"><strong>LATINA<\/strong> &#8211; Si \u00e8 tenuta oggi, presso la sala consiliare del Comune di Latina, la quinta Conferenza dei sindaci per la sanit\u00e0 indetta dalla prima cittadina del capoluogo pontino Matilde Celentano, al centro del dibattito medicina del territorio e aggiornamento dei progetti finanziati con i fondi del Pnrr, richiesti proprio dai sindaci nel corso delle precedenti sedute dell\u2019organismo. E&#8217; stata la commissaria straordinaria della Asl di Latina Sabrina Cenciarelli a relazionare ai rappresentanti istituzionali di 23 municipalit\u00e0 su 33 della provincia pontina, spiegando che il territorio della provincia pontina sar\u00e0 interessato, parallelamente alla riconversione delle case della salute in case della comunit\u00e0 con nuovi servizi, dal potenziamento di nuove figure come l\u2019infermiere di famiglia e\u00a0 dal potenziamento della telemedicina e della tele assistenza.<\/p>\n<p style=\"text-align: justify;\">Presenti alla seduta anche Loreto Bevilacqua, direttore del dipartimento Tutela delle Fragilit\u00e0, e Anna Di Lelio, che dirige il Dipartimento Salute mentale, Vincenzo Lucarini, direttore dei distretti LT1 e LT3, Giuseppina Carreca, a capo\u00a0 del distretto LT2, Giuseppe Ciarlo, direttore del distretto LT4, Paolo Fusco, direttore del distretto LT5, Francesca Romana De Angelis per l\u2019Assistenza domiciliare integrata e Rsa, Valentino Coppola per le Professioni sanitarie-Dipartimenti non ospedalieri e Teresa Lorena Di Lenola, responsabile Centrale operativa territoriale.<\/p>\n<p style=\"text-align: justify;\">Il punto al termine della seduta \u00e8 stato fatto dalla sindaca Celentano: \u201cLa commissaria Cenciarelli ha relazionato su entrambi i punti, precisando che il tema della sanit\u00e0 territoriale rappresenta il punto di snodo per un\u2019offerta in grado di attrarre risorse umane e soddisfare il bisogno di salute nelle nostre comunit\u00e0. Altra sottolineatura, da parte della commissaria, condivisa dai sindaci presenti intervenuti successivamente, ha riguardato l\u2019importanza della prevenzione, soprattutto nell\u2019ambito dei disturbi comportamentali nell\u2019infanzia\u201d.<\/p>\n<p style=\"text-align: justify;\">\u201cIn merito allo stato dell\u2019arte dei progetti finanziati con i fondi del Pnrr \u2013 ha proseguito Celentano \u2013 la dottoressa Cenciarelli \u00e8 entrata nel dettaglio di tutti quelli previsti nei cinque distretti socio sanitari in cui \u00e8 suddiviso il territorio della provincia di Latina. Nel complesso si tratta di 15 case di comunit\u00e0, quattro ospedali di comunit\u00e0 e quattro centrali operative territoriali, per un investimento di 33 milioni di euro. Per oltre un terzo delle case di comunit\u00e0, la progettazione \u00e8 stata gi\u00e0 ultimata, le altre saranno completate entro la fine dell\u2019anno, ed entro il 2025 saranno ultimati i lavori con collaudo previsto a dicembre 2025. Per quanto riguarda i progetti degli ospedali di comunit\u00e0, due sono stati completati, altri due lo saranno in autunno. Anche per questa tipologia di struttura il collaudo delle opere \u00e8 previsto per fine 2025, in linea con le milestone Pnrr fissato a giugno 2026 per tutti gli interventi. Le Centrali operative territoriali di Aprilia, Sezze, Gaeta e Minturno sono state tutte ultimate\u201d.<\/p>\n<p style=\"text-align: justify;\">\u201cAl termine della relazione della dottoressa Cenciarelli \u2013 ha affermato la prima cittadina di Latina \u2013 molti sindaci hanno evidenziato problematiche locali, sopratutto in merito ai Pat, ma sempre nel rispetto di un\u2019ottica pi\u00f9 globale. E\u2019 stato un confronto molto costruttivo per un obiettivo comune, qual \u00e8 quello di una sanit\u00e0 che sappia soddisfare i bisogni di salute delle nostre comunit\u00e0. E\u2019 una sfida che possiamo vincere soltanto tutti insieme, Azienda sanitaria locale e sindaci\u201d.<\/p>\n<p style=\"text-align: justify;\">&#8212;<\/p>\n<p>&nbsp;<\/p>\n<p>&nbsp;<\/p>\n","protected":false},"excerpt":{"rendered":"<p>LATINA &#8211; Si \u00e8 tenuta oggi, presso la sala consiliare del Comune di Latina, la quinta Conferenza dei sindaci per la sanit\u00e0 indetta dalla prima cittadina del capoluogo pontino Matilde Celentano, al centro del dibattito medicina del territorio e aggiornamento dei progetti finanziati con i fondi del Pnrr, richiesti proprio dai sindaci nel corso delle [&hellip;]<\/p>\n","protected":false},"author":60,"featured_media":357883,"comment_status":"open","ping_status":"open","sticky":false,"template":"","format":"gallery","meta":{"footnotes":""},"categories":[735,2616],"tags":[],"class_list":["post-357881","post","type-post","status-publish","format-gallery","has-post-thumbnail","hentry","category-attualita","category-sanita","post_format-post-format-gallery"],"_links":{"self":[{"href":"https:\/\/www.radioluna.it\/news\/wp-json\/wp\/v2\/posts\/357881","targetHints":{"allow":["GET"]}}],"collection":[{"href":"https:\/\/www.radioluna.it\/news\/wp-json\/wp\/v2\/posts"}],"about":[{"href":"https:\/\/www.radioluna.it\/news\/wp-json\/wp\/v2\/types\/post"}],"author":[{"embeddable":true,"href":"https:\/\/www.radioluna.it\/news\/wp-json\/wp\/v2\/users\/60"}],"replies":[{"embeddable":true,"href":"https:\/\/www.radioluna.it\/news\/wp-json\/wp\/v2\/comments?post=357881"}],"version-history":[{"count":2,"href":"https:\/\/www.radioluna.it\/news\/wp-json\/wp\/v2\/posts\/357881\/revisions"}],"predecessor-version":[{"id":357889,"href":"https:\/\/www.radioluna.it\/news\/wp-json\/wp\/v2\/posts\/357881\/revisions\/357889"}],"wp:featuredmedia":[{"embeddable":true,"href":"https:\/\/www.radioluna.it\/news\/wp-json\/wp\/v2\/media\/357883"}],"wp:attachment":[{"href":"https:\/\/www.radioluna.it\/news\/wp-json\/wp\/v2\/media?parent=357881"}],"wp:term":[{"taxonomy":"category","embeddable":true,"href":"https:\/\/www.radioluna.it\/news\/wp-json\/wp\/v2\/categories?post=357881"},{"taxonomy":"post_tag","embeddable":true,"href":"https:\/\/www.radioluna.it\/news\/wp-json\/wp\/v2\/tags?post=357881"}],"curies":[{"name":"wp","href":"https:\/\/api.w.org\/{rel}","templated":true}]}}