{"id":357941,"date":"2024-08-09T11:24:55","date_gmt":"2024-08-09T09:24:55","guid":{"rendered":"https:\/\/www.radioluna.it\/news\/?p=357941"},"modified":"2024-08-09T13:00:41","modified_gmt":"2024-08-09T11:00:41","slug":"esodo-estivo-sabato-e-bollino-nero-pontina-e-appia-le-piu-trafficate","status":"publish","type":"post","link":"https:\/\/www.radioluna.it\/news\/2024\/08\/esodo-estivo-sabato-e-bollino-nero-pontina-e-appia-le-piu-trafficate\/","title":{"rendered":"Esodo estivo, sabato \u00e8 bollino nero. Pontina e Appia le pi\u00f9 trafficate"},"content":{"rendered":"<div id=\"fb-root\"><\/div>\n<p style=\"text-align: justify;\"><strong>LATINA<\/strong> &#8211; Il terzo fine settimana di <strong>grande esodo estivo<\/strong> si prospetta il pi\u00f9 trafficato di tutto il periodo. Lungo la<strong> rete Anas<\/strong> che comprende anche i tratti pontini delle statali 7, 148 e 156\u00a0 per il secondo weekend di agosto \u00e8 atteso traffico in costante aumento a seguito della chiusura della maggior parte delle attivit\u00e0 del Paese nella settimana di Ferragosto. Viabilit\u00e0 Italia prevede<strong> bollino nero in particolare nella mattinata di domani, sabato 10 agosto<\/strong>, e bollino rosso nel pomeriggio di oggi, venerd\u00ec 9 agosto e nella giornata di domenica 11 agosto: spostamenti in netta crescita dai grandi centri urbani in tutta Italia verso le localit\u00e0 di villeggiatura, di mare al sud e di montagna a nord e verso i confini di Stato.<\/p>\n<p style=\"text-align: justify;\">Per consentire la fluidit\u00e0 del traffico Anas (Gruppo FS Italiane) ha potenziato l\u2019impegno del personale su tutto il territorio nazionale e ha limitato la presenza dei cantieri fino al 3 settembre: ne sono stati sospesi 906, il 70% di quelli precedentemente attivi (1278).<\/p>\n<p style=\"text-align: justify;\">Il\u00a0divieto\u00a0di\u00a0transito dei veicoli pesanti\u00a0\u00e8 in vigore\u00a0oggi\u00a0dalle ore\u00a016 alle 22, domani sabato 10 agosto dalle 8 alle 22 e domenica 11 agosto dalle 7 alle 22.<\/p>\n<p style=\"text-align: justify;\"><strong>Tra gli itinerari pi\u00f9 trafficati secondo le stime di Anas ci sono: \u00a0la strada statale 148 Pontina<\/strong> nel Lazio, arteria particolarmente trafficata che insieme alla<strong> SS7 \u201cAppia\u201d<\/strong> assicura i collegamenti tra Roma e le localit\u00e0 turistiche del basso Lazio.<\/p>\n","protected":false},"excerpt":{"rendered":"<p>LATINA &#8211; Il terzo fine settimana di grande esodo estivo si prospetta il pi\u00f9 trafficato di tutto il periodo. Lungo la rete Anas che comprende anche i tratti pontini delle statali 7, 148 e 156\u00a0 per il secondo weekend di agosto \u00e8 atteso traffico in costante aumento a seguito della chiusura della maggior parte delle [&hellip;]<\/p>\n","protected":false},"author":60,"featured_media":0,"comment_status":"open","ping_status":"open","sticky":false,"template":"","format":"standard","meta":{"footnotes":""},"categories":[7,2428],"tags":[],"class_list":["post-357941","post","type-post","status-publish","format-standard","hentry","category-cronaca","category-primo-piano"],"_links":{"self":[{"href":"https:\/\/www.radioluna.it\/news\/wp-json\/wp\/v2\/posts\/357941","targetHints":{"allow":["GET"]}}],"collection":[{"href":"https:\/\/www.radioluna.it\/news\/wp-json\/wp\/v2\/posts"}],"about":[{"href":"https:\/\/www.radioluna.it\/news\/wp-json\/wp\/v2\/types\/post"}],"author":[{"embeddable":true,"href":"https:\/\/www.radioluna.it\/news\/wp-json\/wp\/v2\/users\/60"}],"replies":[{"embeddable":true,"href":"https:\/\/www.radioluna.it\/news\/wp-json\/wp\/v2\/comments?post=357941"}],"version-history":[{"count":2,"href":"https:\/\/www.radioluna.it\/news\/wp-json\/wp\/v2\/posts\/357941\/revisions"}],"predecessor-version":[{"id":357943,"href":"https:\/\/www.radioluna.it\/news\/wp-json\/wp\/v2\/posts\/357941\/revisions\/357943"}],"wp:attachment":[{"href":"https:\/\/www.radioluna.it\/news\/wp-json\/wp\/v2\/media?parent=357941"}],"wp:term":[{"taxonomy":"category","embeddable":true,"href":"https:\/\/www.radioluna.it\/news\/wp-json\/wp\/v2\/categories?post=357941"},{"taxonomy":"post_tag","embeddable":true,"href":"https:\/\/www.radioluna.it\/news\/wp-json\/wp\/v2\/tags?post=357941"}],"curies":[{"name":"wp","href":"https:\/\/api.w.org\/{rel}","templated":true}]}}